{"id":7042,"date":"2014-09-05T08:07:00","date_gmt":"2014-09-05T08:07:00","guid":{"rendered":"https:\/\/www.cosmed.fr\/jest-capillaire-pour-cosmed-2\/"},"modified":"2014-09-05T08:07:00","modified_gmt":"2014-09-05T08:07:00","slug":"jest-capillaire-pour-cosmed-2","status":"publish","type":"post","link":"https:\/\/www.cosmed.fr\/en\/jest-capillaire-pour-cosmed-2\/","title":{"rendered":"JEST capillaire pour Cosmed"},"content":{"rendered":"<div class=\"container\">\n<p>Chaque ann\u00e9e depuis 14 ans, Cosmed vous donne rendez-vous au mois d\u2019octobre pour une journ\u00e9e d\u2019\u00e9changes entre experts scientifiques de la fili\u00e8re cosm\u00e9tique fran\u00e7aise : la JEST. Cette XIVe Journ\u00e9e d\u2019\u00c9changes Scientifiques et Techniques aura lieu le 10 octobre 2014 \u00e0 Montpellier sur le th\u00e8me de la cosm\u00e9tologie du cheveu et du cuir chevelu. Des grands noms de la cosm\u00e9tologie du cheveu seront pr\u00e9sents.<\/p>\n<p><a href=\"https:\/\/www.cosmed.fr\/app\/uploads\/2014\/09\/jest-observatoire.pdf\">Lire l&#8217;article<\/a><\/p>\n<\/div>\n","protected":false},"excerpt":{"rendered":"<p>Chaque ann\u00e9e depuis 14 ans, Cosmed vous donne rendez-vous au mois d\u2019octobre pour une journ\u00e9e d\u2019\u00e9changes entre experts scientifiques de la fili\u00e8re cosm\u00e9tique fran\u00e7aise : la JEST. Cette XIVe Journ\u00e9e d\u2019\u00c9changes Scientifiques et Techniques aura lieu le 10 octobre 2014 \u00e0 Montpellier sur le th\u00e8me de la cosm\u00e9tologie du cheveu et du cuir chevelu. Des [&hellip;]<\/p>\n","protected":false},"author":30881,"featured_media":0,"comment_status":"open","ping_status":"open","sticky":false,"template":"","format":"standard","meta":{"_acf_changed":false,"footnotes":""},"categories":[216],"tags":[],"secteurs":[],"class_list":["post-7042","post","type-post","status-publish","format-standard","hentry","category-press"],"acf":[],"yoast_head":"<!-- This site is optimized with the Yoast SEO plugin v27.1.1 - https:\/\/yoast.com\/product\/yoast-seo-wordpress\/ -->\n<title>JEST capillaire pour Cosmed - Cosmed<\/title>\n<meta name=\"robots\" content=\"index, follow, max-snippet:-1, max-image-preview:large, max-video-preview:-1\" \/>\n<link rel=\"canonical\" href=\"http:\/\/www.cosmed.fr\/en\/jest-capillaire-pour-cosmed-2\/\" \/>\n<meta property=\"og:locale\" content=\"en_US\" \/>\n<meta property=\"og:type\" content=\"article\" \/>\n<meta property=\"og:title\" content=\"JEST capillaire pour Cosmed - Cosmed\" \/>\n<meta property=\"og:description\" content=\"Chaque ann\u00e9e depuis 14 ans, Cosmed vous donne rendez-vous au mois d\u2019octobre pour une journ\u00e9e d\u2019\u00e9changes entre experts scientifiques de la fili\u00e8re cosm\u00e9tique fran\u00e7aise : la JEST. Cette XIVe Journ\u00e9e d\u2019\u00c9changes Scientifiques et Techniques aura lieu le 10 octobre 2014 \u00e0 Montpellier sur le th\u00e8me de la cosm\u00e9tologie du cheveu et du cuir chevelu. Des [&hellip;]\" \/>\n<meta property=\"og:url\" content=\"http:\/\/www.cosmed.fr\/en\/jest-capillaire-pour-cosmed-2\/\" \/>\n<meta property=\"og:site_name\" content=\"Cosmed\" \/>\n<meta property=\"article:published_time\" content=\"2014-09-05T08:07:00+00:00\" \/>\n<meta name=\"author\" content=\"MARQUIER\" \/>\n<meta name=\"twitter:card\" content=\"summary_large_image\" \/>\n<meta name=\"twitter:label1\" content=\"Written by\" \/>\n\t<meta name=\"twitter:data1\" content=\"MARQUIER\" \/>\n<script type=\"application\/ld+json\" class=\"yoast-schema-graph\">{\"@context\":\"https:\/\/schema.org\",\"@graph\":[{\"@type\":\"Article\",\"@id\":\"http:\/\/www.cosmed.fr\/en\/jest-capillaire-pour-cosmed-2\/#article\",\"isPartOf\":{\"@id\":\"http:\/\/www.cosmed.fr\/en\/jest-capillaire-pour-cosmed-2\/\"},\"author\":{\"name\":\"MARQUIER\",\"@id\":\"https:\/\/www.cosmed.fr\/#\/schema\/person\/804d896a46d93e28deeb0a7ec5d410bb\"},\"headline\":\"JEST capillaire pour Cosmed\",\"datePublished\":\"2014-09-05T08:07:00+00:00\",\"mainEntityOfPage\":{\"@id\":\"http:\/\/www.cosmed.fr\/en\/jest-capillaire-pour-cosmed-2\/\"},\"wordCount\":79,\"commentCount\":0,\"articleSection\":[\"Press\"],\"inLanguage\":\"en-US\",\"potentialAction\":[{\"@type\":\"CommentAction\",\"name\":\"Comment\",\"target\":[\"http:\/\/www.cosmed.fr\/en\/jest-capillaire-pour-cosmed-2\/#respond\"]}]},{\"@type\":\"WebPage\",\"@id\":\"http:\/\/www.cosmed.fr\/en\/jest-capillaire-pour-cosmed-2\/\",\"url\":\"http:\/\/www.cosmed.fr\/en\/jest-capillaire-pour-cosmed-2\/\",\"name\":\"JEST capillaire pour Cosmed - Cosmed\",\"isPartOf\":{\"@id\":\"https:\/\/www.cosmed.fr\/#website\"},\"datePublished\":\"2014-09-05T08:07:00+00:00\",\"author\":{\"@id\":\"https:\/\/www.cosmed.fr\/#\/schema\/person\/804d896a46d93e28deeb0a7ec5d410bb\"},\"breadcrumb\":{\"@id\":\"http:\/\/www.cosmed.fr\/en\/jest-capillaire-pour-cosmed-2\/#breadcrumb\"},\"inLanguage\":\"en-US\",\"potentialAction\":[{\"@type\":\"ReadAction\",\"target\":[\"http:\/\/www.cosmed.fr\/en\/jest-capillaire-pour-cosmed-2\/\"]}]},{\"@type\":\"BreadcrumbList\",\"@id\":\"http:\/\/www.cosmed.fr\/en\/jest-capillaire-pour-cosmed-2\/#breadcrumb\",\"itemListElement\":[{\"@type\":\"ListItem\",\"position\":1,\"name\":\"Home\",\"item\":\"http:\/\/www.cosmed.fr\/en\/\"},{\"@type\":\"ListItem\",\"position\":2,\"name\":\"Press\",\"item\":\"http:\/\/www.cosmed.fr\/en\/articles\/press\/\"},{\"@type\":\"ListItem\",\"position\":3,\"name\":\"JEST capillaire pour Cosmed\"}]},{\"@type\":\"WebSite\",\"@id\":\"https:\/\/www.cosmed.fr\/#website\",\"url\":\"https:\/\/www.cosmed.fr\/\",\"name\":\"Cosmed\",\"description\":\"\",\"potentialAction\":[{\"@type\":\"SearchAction\",\"target\":{\"@type\":\"EntryPoint\",\"urlTemplate\":\"https:\/\/www.cosmed.fr\/?s={search_term_string}\"},\"query-input\":{\"@type\":\"PropertyValueSpecification\",\"valueRequired\":true,\"valueName\":\"search_term_string\"}}],\"inLanguage\":\"en-US\"},{\"@type\":\"Person\",\"@id\":\"https:\/\/www.cosmed.fr\/#\/schema\/person\/804d896a46d93e28deeb0a7ec5d410bb\",\"name\":\"MARQUIER\",\"image\":{\"@type\":\"ImageObject\",\"inLanguage\":\"en-US\",\"@id\":\"https:\/\/www.cosmed.fr\/#\/schema\/person\/image\/\",\"url\":\"https:\/\/secure.gravatar.com\/avatar\/77c74e5b1028ba2ee5487dcdaac0de77c0e0820b70499d9f160be28c72d1124b?s=96&d=mm&r=g\",\"contentUrl\":\"https:\/\/secure.gravatar.com\/avatar\/77c74e5b1028ba2ee5487dcdaac0de77c0e0820b70499d9f160be28c72d1124b?s=96&d=mm&r=g\",\"caption\":\"MARQUIER\"},\"url\":\"https:\/\/www.cosmed.fr\/en\/author\/e-marquiercosmed-fr\/\"}]}<\/script>\n<!-- \/ Yoast SEO plugin. -->","yoast_head_json":{"title":"JEST capillaire pour Cosmed - Cosmed","robots":{"index":"index","follow":"follow","max-snippet":"max-snippet:-1","max-image-preview":"max-image-preview:large","max-video-preview":"max-video-preview:-1"},"canonical":"http:\/\/www.cosmed.fr\/en\/jest-capillaire-pour-cosmed-2\/","og_locale":"en_US","og_type":"article","og_title":"JEST capillaire pour Cosmed - Cosmed","og_description":"Chaque ann\u00e9e depuis 14 ans, Cosmed vous donne rendez-vous au mois d\u2019octobre pour une journ\u00e9e d\u2019\u00e9changes entre experts scientifiques de la fili\u00e8re cosm\u00e9tique fran\u00e7aise : la JEST. Cette XIVe Journ\u00e9e d\u2019\u00c9changes Scientifiques et Techniques aura lieu le 10 octobre 2014 \u00e0 Montpellier sur le th\u00e8me de la cosm\u00e9tologie du cheveu et du cuir chevelu. Des [&hellip;]","og_url":"http:\/\/www.cosmed.fr\/en\/jest-capillaire-pour-cosmed-2\/","og_site_name":"Cosmed","article_published_time":"2014-09-05T08:07:00+00:00","author":"MARQUIER","twitter_card":"summary_large_image","twitter_misc":{"Written by":"MARQUIER"},"schema":{"@context":"https:\/\/schema.org","@graph":[{"@type":"Article","@id":"http:\/\/www.cosmed.fr\/en\/jest-capillaire-pour-cosmed-2\/#article","isPartOf":{"@id":"http:\/\/www.cosmed.fr\/en\/jest-capillaire-pour-cosmed-2\/"},"author":{"name":"MARQUIER","@id":"https:\/\/www.cosmed.fr\/#\/schema\/person\/804d896a46d93e28deeb0a7ec5d410bb"},"headline":"JEST capillaire pour Cosmed","datePublished":"2014-09-05T08:07:00+00:00","mainEntityOfPage":{"@id":"http:\/\/www.cosmed.fr\/en\/jest-capillaire-pour-cosmed-2\/"},"wordCount":79,"commentCount":0,"articleSection":["Press"],"inLanguage":"en-US","potentialAction":[{"@type":"CommentAction","name":"Comment","target":["http:\/\/www.cosmed.fr\/en\/jest-capillaire-pour-cosmed-2\/#respond"]}]},{"@type":"WebPage","@id":"http:\/\/www.cosmed.fr\/en\/jest-capillaire-pour-cosmed-2\/","url":"http:\/\/www.cosmed.fr\/en\/jest-capillaire-pour-cosmed-2\/","name":"JEST capillaire pour Cosmed - Cosmed","isPartOf":{"@id":"https:\/\/www.cosmed.fr\/#website"},"datePublished":"2014-09-05T08:07:00+00:00","author":{"@id":"https:\/\/www.cosmed.fr\/#\/schema\/person\/804d896a46d93e28deeb0a7ec5d410bb"},"breadcrumb":{"@id":"http:\/\/www.cosmed.fr\/en\/jest-capillaire-pour-cosmed-2\/#breadcrumb"},"inLanguage":"en-US","potentialAction":[{"@type":"ReadAction","target":["http:\/\/www.cosmed.fr\/en\/jest-capillaire-pour-cosmed-2\/"]}]},{"@type":"BreadcrumbList","@id":"http:\/\/www.cosmed.fr\/en\/jest-capillaire-pour-cosmed-2\/#breadcrumb","itemListElement":[{"@type":"ListItem","position":1,"name":"Home","item":"http:\/\/www.cosmed.fr\/en\/"},{"@type":"ListItem","position":2,"name":"Press","item":"http:\/\/www.cosmed.fr\/en\/articles\/press\/"},{"@type":"ListItem","position":3,"name":"JEST capillaire pour Cosmed"}]},{"@type":"WebSite","@id":"https:\/\/www.cosmed.fr\/#website","url":"https:\/\/www.cosmed.fr\/","name":"Cosmed","description":"","potentialAction":[{"@type":"SearchAction","target":{"@type":"EntryPoint","urlTemplate":"https:\/\/www.cosmed.fr\/?s={search_term_string}"},"query-input":{"@type":"PropertyValueSpecification","valueRequired":true,"valueName":"search_term_string"}}],"inLanguage":"en-US"},{"@type":"Person","@id":"https:\/\/www.cosmed.fr\/#\/schema\/person\/804d896a46d93e28deeb0a7ec5d410bb","name":"MARQUIER","image":{"@type":"ImageObject","inLanguage":"en-US","@id":"https:\/\/www.cosmed.fr\/#\/schema\/person\/image\/","url":"https:\/\/secure.gravatar.com\/avatar\/77c74e5b1028ba2ee5487dcdaac0de77c0e0820b70499d9f160be28c72d1124b?s=96&d=mm&r=g","contentUrl":"https:\/\/secure.gravatar.com\/avatar\/77c74e5b1028ba2ee5487dcdaac0de77c0e0820b70499d9f160be28c72d1124b?s=96&d=mm&r=g","caption":"MARQUIER"},"url":"https:\/\/www.cosmed.fr\/en\/author\/e-marquiercosmed-fr\/"}]}},"_links":{"self":[{"href":"https:\/\/www.cosmed.fr\/en\/wp-json\/wp\/v2\/posts\/7042","targetHints":{"allow":["GET"]}}],"collection":[{"href":"https:\/\/www.cosmed.fr\/en\/wp-json\/wp\/v2\/posts"}],"about":[{"href":"https:\/\/www.cosmed.fr\/en\/wp-json\/wp\/v2\/types\/post"}],"author":[{"embeddable":true,"href":"https:\/\/www.cosmed.fr\/en\/wp-json\/wp\/v2\/users\/30881"}],"replies":[{"embeddable":true,"href":"https:\/\/www.cosmed.fr\/en\/wp-json\/wp\/v2\/comments?post=7042"}],"version-history":[{"count":0,"href":"https:\/\/www.cosmed.fr\/en\/wp-json\/wp\/v2\/posts\/7042\/revisions"}],"wp:attachment":[{"href":"https:\/\/www.cosmed.fr\/en\/wp-json\/wp\/v2\/media?parent=7042"}],"wp:term":[{"taxonomy":"category","embeddable":true,"href":"https:\/\/www.cosmed.fr\/en\/wp-json\/wp\/v2\/categories?post=7042"},{"taxonomy":"post_tag","embeddable":true,"href":"https:\/\/www.cosmed.fr\/en\/wp-json\/wp\/v2\/tags?post=7042"},{"taxonomy":"secteurs","embeddable":true,"href":"https:\/\/www.cosmed.fr\/en\/wp-json\/wp\/v2\/secteurs?post=7042"}],"curies":[{"name":"wp","href":"https:\/\/api.w.org\/{rel}","templated":true}]}}