{"id":7040,"date":"2014-07-15T11:06:08","date_gmt":"2014-07-15T11:06:08","guid":{"rendered":"https:\/\/www.cosmed.fr\/jest-cosmed-2014-la-cosmetologie-du-cheveu-et-du-cuir-chevelu-2\/"},"modified":"2014-07-15T11:06:08","modified_gmt":"2014-07-15T11:06:08","slug":"jest-cosmed-2014-la-cosmetologie-du-cheveu-et-du-cuir-chevelu-2","status":"publish","type":"post","link":"http:\/\/www.cosmed.fr\/en\/jest-cosmed-2014-la-cosmetologie-du-cheveu-et-du-cuir-chevelu-2\/","title":{"rendered":"JEST COSMED 2014 : la cosm\u00e9tologie du cheveu et du cuir chevelu"},"content":{"rendered":"<div class=\"container\">\n<h3>JEST COSMED 2014 : la cosm\u00e9tologie du cheveu et du cuir chevelu<\/h3>\n<p>Chaque ann\u00e9e depuis 14 ans, Cosmed donne rendez-vous au mois d&#8217;octobre pour une journ\u00e9e d&#8217;\u00e9changes incontournable entre les experts scientifiques de la fili\u00e8re cosm\u00e9tique fran\u00e7aise : la J.E.S.T.<\/p>\n<p>Cette XIV\u00e8me Journ\u00e9e d&#8217; \u00c9changes Scientifiques et Techniques aura lieu le 10 octobre 2014 \u00e0 Montpellier de 8h45 \u00e0 17h sur le th\u00e8me de la cosm\u00e9tologie du cheveu et du cuir chevelu. Des grands noms de la cosm\u00e9tologie du cheveu seront pr\u00e9sents.<\/p>\n<p><a href=\"https:\/\/www.cosmed.fr\/app\/uploads\/2014\/07\/jest-2014-cosmetic-info-paca.pdf\">Lire l&#8217;article<\/a><\/p>\n<p>&nbsp;<\/p>\n<p>&nbsp;<\/p>\n<p>&nbsp;<\/p>\n<p>&nbsp;<\/p>\n<\/div>\n","protected":false},"excerpt":{"rendered":"<p>JEST COSMED 2014 : la cosm\u00e9tologie du cheveu et du cuir chevelu Chaque ann\u00e9e depuis 14 ans, Cosmed donne rendez-vous au mois d&#8217;octobre pour une journ\u00e9e d&#8217;\u00e9changes incontournable entre les experts scientifiques de la fili\u00e8re cosm\u00e9tique fran\u00e7aise : la J.E.S.T. Cette XIV\u00e8me Journ\u00e9e d&#8217; \u00c9changes Scientifiques et Techniques aura lieu le 10 octobre 2014 \u00e0 [&hellip;]<\/p>\n","protected":false},"author":30881,"featured_media":0,"comment_status":"open","ping_status":"open","sticky":false,"template":"","format":"standard","meta":{"_acf_changed":false,"footnotes":""},"categories":[216],"tags":[],"secteurs":[],"class_list":["post-7040","post","type-post","status-publish","format-standard","hentry","category-press"],"acf":[],"yoast_head":"<!-- This site is optimized with the Yoast SEO plugin v27.1.1 - https:\/\/yoast.com\/product\/yoast-seo-wordpress\/ -->\n<title>JEST COSMED 2014 : la cosm\u00e9tologie du cheveu et du cuir chevelu - Cosmed<\/title>\n<meta name=\"robots\" content=\"index, follow, max-snippet:-1, max-image-preview:large, max-video-preview:-1\" \/>\n<link rel=\"canonical\" href=\"http:\/\/www.cosmed.fr\/en\/jest-cosmed-2014-la-cosmetologie-du-cheveu-et-du-cuir-chevelu-2\/\" \/>\n<meta property=\"og:locale\" content=\"en_US\" \/>\n<meta property=\"og:type\" content=\"article\" \/>\n<meta property=\"og:title\" content=\"JEST COSMED 2014 : la cosm\u00e9tologie du cheveu et du cuir chevelu - Cosmed\" \/>\n<meta property=\"og:description\" content=\"JEST COSMED 2014 : la cosm\u00e9tologie du cheveu et du cuir chevelu Chaque ann\u00e9e depuis 14 ans, Cosmed donne rendez-vous au mois d&#8217;octobre pour une journ\u00e9e d&#8217;\u00e9changes incontournable entre les experts scientifiques de la fili\u00e8re cosm\u00e9tique fran\u00e7aise : la J.E.S.T. Cette XIV\u00e8me Journ\u00e9e d&#8217; \u00c9changes Scientifiques et Techniques aura lieu le 10 octobre 2014 \u00e0 [&hellip;]\" \/>\n<meta property=\"og:url\" content=\"http:\/\/www.cosmed.fr\/en\/jest-cosmed-2014-la-cosmetologie-du-cheveu-et-du-cuir-chevelu-2\/\" \/>\n<meta property=\"og:site_name\" content=\"Cosmed\" \/>\n<meta property=\"article:published_time\" content=\"2014-07-15T11:06:08+00:00\" \/>\n<meta name=\"author\" content=\"MARQUIER\" \/>\n<meta name=\"twitter:card\" content=\"summary_large_image\" \/>\n<meta name=\"twitter:label1\" content=\"Written by\" \/>\n\t<meta name=\"twitter:data1\" content=\"MARQUIER\" \/>\n<script type=\"application\/ld+json\" class=\"yoast-schema-graph\">{\"@context\":\"https:\/\/schema.org\",\"@graph\":[{\"@type\":\"Article\",\"@id\":\"http:\/\/www.cosmed.fr\/en\/jest-cosmed-2014-la-cosmetologie-du-cheveu-et-du-cuir-chevelu-2\/#article\",\"isPartOf\":{\"@id\":\"http:\/\/www.cosmed.fr\/en\/jest-cosmed-2014-la-cosmetologie-du-cheveu-et-du-cuir-chevelu-2\/\"},\"author\":{\"name\":\"MARQUIER\",\"@id\":\"https:\/\/www.cosmed.fr\/#\/schema\/person\/804d896a46d93e28deeb0a7ec5d410bb\"},\"headline\":\"JEST COSMED 2014 : la cosm\u00e9tologie du cheveu et du cuir chevelu\",\"datePublished\":\"2014-07-15T11:06:08+00:00\",\"mainEntityOfPage\":{\"@id\":\"http:\/\/www.cosmed.fr\/en\/jest-cosmed-2014-la-cosmetologie-du-cheveu-et-du-cuir-chevelu-2\/\"},\"wordCount\":109,\"commentCount\":0,\"articleSection\":[\"Press\"],\"inLanguage\":\"en-US\",\"potentialAction\":[{\"@type\":\"CommentAction\",\"name\":\"Comment\",\"target\":[\"http:\/\/www.cosmed.fr\/en\/jest-cosmed-2014-la-cosmetologie-du-cheveu-et-du-cuir-chevelu-2\/#respond\"]}]},{\"@type\":\"WebPage\",\"@id\":\"http:\/\/www.cosmed.fr\/en\/jest-cosmed-2014-la-cosmetologie-du-cheveu-et-du-cuir-chevelu-2\/\",\"url\":\"http:\/\/www.cosmed.fr\/en\/jest-cosmed-2014-la-cosmetologie-du-cheveu-et-du-cuir-chevelu-2\/\",\"name\":\"JEST COSMED 2014 : la cosm\u00e9tologie du cheveu et du cuir chevelu - Cosmed\",\"isPartOf\":{\"@id\":\"https:\/\/www.cosmed.fr\/#website\"},\"datePublished\":\"2014-07-15T11:06:08+00:00\",\"author\":{\"@id\":\"https:\/\/www.cosmed.fr\/#\/schema\/person\/804d896a46d93e28deeb0a7ec5d410bb\"},\"breadcrumb\":{\"@id\":\"http:\/\/www.cosmed.fr\/en\/jest-cosmed-2014-la-cosmetologie-du-cheveu-et-du-cuir-chevelu-2\/#breadcrumb\"},\"inLanguage\":\"en-US\",\"potentialAction\":[{\"@type\":\"ReadAction\",\"target\":[\"http:\/\/www.cosmed.fr\/en\/jest-cosmed-2014-la-cosmetologie-du-cheveu-et-du-cuir-chevelu-2\/\"]}]},{\"@type\":\"BreadcrumbList\",\"@id\":\"http:\/\/www.cosmed.fr\/en\/jest-cosmed-2014-la-cosmetologie-du-cheveu-et-du-cuir-chevelu-2\/#breadcrumb\",\"itemListElement\":[{\"@type\":\"ListItem\",\"position\":1,\"name\":\"Home\",\"item\":\"https:\/\/www.cosmed.fr\/en\/\"},{\"@type\":\"ListItem\",\"position\":2,\"name\":\"Press\",\"item\":\"https:\/\/www.cosmed.fr\/en\/articles\/press\/\"},{\"@type\":\"ListItem\",\"position\":3,\"name\":\"JEST COSMED 2014 : la cosm\u00e9tologie du cheveu et du cuir chevelu\"}]},{\"@type\":\"WebSite\",\"@id\":\"https:\/\/www.cosmed.fr\/#website\",\"url\":\"https:\/\/www.cosmed.fr\/\",\"name\":\"Cosmed\",\"description\":\"\",\"potentialAction\":[{\"@type\":\"SearchAction\",\"target\":{\"@type\":\"EntryPoint\",\"urlTemplate\":\"https:\/\/www.cosmed.fr\/?s={search_term_string}\"},\"query-input\":{\"@type\":\"PropertyValueSpecification\",\"valueRequired\":true,\"valueName\":\"search_term_string\"}}],\"inLanguage\":\"en-US\"},{\"@type\":\"Person\",\"@id\":\"https:\/\/www.cosmed.fr\/#\/schema\/person\/804d896a46d93e28deeb0a7ec5d410bb\",\"name\":\"MARQUIER\",\"image\":{\"@type\":\"ImageObject\",\"inLanguage\":\"en-US\",\"@id\":\"https:\/\/www.cosmed.fr\/#\/schema\/person\/image\/\",\"url\":\"https:\/\/secure.gravatar.com\/avatar\/77c74e5b1028ba2ee5487dcdaac0de77c0e0820b70499d9f160be28c72d1124b?s=96&d=mm&r=g\",\"contentUrl\":\"https:\/\/secure.gravatar.com\/avatar\/77c74e5b1028ba2ee5487dcdaac0de77c0e0820b70499d9f160be28c72d1124b?s=96&d=mm&r=g\",\"caption\":\"MARQUIER\"},\"url\":\"http:\/\/www.cosmed.fr\/en\/author\/e-marquiercosmed-fr\/\"}]}<\/script>\n<!-- \/ Yoast SEO plugin. -->","yoast_head_json":{"title":"JEST COSMED 2014 : la cosm\u00e9tologie du cheveu et du cuir chevelu - Cosmed","robots":{"index":"index","follow":"follow","max-snippet":"max-snippet:-1","max-image-preview":"max-image-preview:large","max-video-preview":"max-video-preview:-1"},"canonical":"http:\/\/www.cosmed.fr\/en\/jest-cosmed-2014-la-cosmetologie-du-cheveu-et-du-cuir-chevelu-2\/","og_locale":"en_US","og_type":"article","og_title":"JEST COSMED 2014 : la cosm\u00e9tologie du cheveu et du cuir chevelu - Cosmed","og_description":"JEST COSMED 2014 : la cosm\u00e9tologie du cheveu et du cuir chevelu Chaque ann\u00e9e depuis 14 ans, Cosmed donne rendez-vous au mois d&#8217;octobre pour une journ\u00e9e d&#8217;\u00e9changes incontournable entre les experts scientifiques de la fili\u00e8re cosm\u00e9tique fran\u00e7aise : la J.E.S.T. Cette XIV\u00e8me Journ\u00e9e d&#8217; \u00c9changes Scientifiques et Techniques aura lieu le 10 octobre 2014 \u00e0 [&hellip;]","og_url":"http:\/\/www.cosmed.fr\/en\/jest-cosmed-2014-la-cosmetologie-du-cheveu-et-du-cuir-chevelu-2\/","og_site_name":"Cosmed","article_published_time":"2014-07-15T11:06:08+00:00","author":"MARQUIER","twitter_card":"summary_large_image","twitter_misc":{"Written by":"MARQUIER"},"schema":{"@context":"https:\/\/schema.org","@graph":[{"@type":"Article","@id":"http:\/\/www.cosmed.fr\/en\/jest-cosmed-2014-la-cosmetologie-du-cheveu-et-du-cuir-chevelu-2\/#article","isPartOf":{"@id":"http:\/\/www.cosmed.fr\/en\/jest-cosmed-2014-la-cosmetologie-du-cheveu-et-du-cuir-chevelu-2\/"},"author":{"name":"MARQUIER","@id":"https:\/\/www.cosmed.fr\/#\/schema\/person\/804d896a46d93e28deeb0a7ec5d410bb"},"headline":"JEST COSMED 2014 : la cosm\u00e9tologie du cheveu et du cuir chevelu","datePublished":"2014-07-15T11:06:08+00:00","mainEntityOfPage":{"@id":"http:\/\/www.cosmed.fr\/en\/jest-cosmed-2014-la-cosmetologie-du-cheveu-et-du-cuir-chevelu-2\/"},"wordCount":109,"commentCount":0,"articleSection":["Press"],"inLanguage":"en-US","potentialAction":[{"@type":"CommentAction","name":"Comment","target":["http:\/\/www.cosmed.fr\/en\/jest-cosmed-2014-la-cosmetologie-du-cheveu-et-du-cuir-chevelu-2\/#respond"]}]},{"@type":"WebPage","@id":"http:\/\/www.cosmed.fr\/en\/jest-cosmed-2014-la-cosmetologie-du-cheveu-et-du-cuir-chevelu-2\/","url":"http:\/\/www.cosmed.fr\/en\/jest-cosmed-2014-la-cosmetologie-du-cheveu-et-du-cuir-chevelu-2\/","name":"JEST COSMED 2014 : la cosm\u00e9tologie du cheveu et du cuir chevelu - Cosmed","isPartOf":{"@id":"https:\/\/www.cosmed.fr\/#website"},"datePublished":"2014-07-15T11:06:08+00:00","author":{"@id":"https:\/\/www.cosmed.fr\/#\/schema\/person\/804d896a46d93e28deeb0a7ec5d410bb"},"breadcrumb":{"@id":"http:\/\/www.cosmed.fr\/en\/jest-cosmed-2014-la-cosmetologie-du-cheveu-et-du-cuir-chevelu-2\/#breadcrumb"},"inLanguage":"en-US","potentialAction":[{"@type":"ReadAction","target":["http:\/\/www.cosmed.fr\/en\/jest-cosmed-2014-la-cosmetologie-du-cheveu-et-du-cuir-chevelu-2\/"]}]},{"@type":"BreadcrumbList","@id":"http:\/\/www.cosmed.fr\/en\/jest-cosmed-2014-la-cosmetologie-du-cheveu-et-du-cuir-chevelu-2\/#breadcrumb","itemListElement":[{"@type":"ListItem","position":1,"name":"Home","item":"https:\/\/www.cosmed.fr\/en\/"},{"@type":"ListItem","position":2,"name":"Press","item":"https:\/\/www.cosmed.fr\/en\/articles\/press\/"},{"@type":"ListItem","position":3,"name":"JEST COSMED 2014 : la cosm\u00e9tologie du cheveu et du cuir chevelu"}]},{"@type":"WebSite","@id":"https:\/\/www.cosmed.fr\/#website","url":"https:\/\/www.cosmed.fr\/","name":"Cosmed","description":"","potentialAction":[{"@type":"SearchAction","target":{"@type":"EntryPoint","urlTemplate":"https:\/\/www.cosmed.fr\/?s={search_term_string}"},"query-input":{"@type":"PropertyValueSpecification","valueRequired":true,"valueName":"search_term_string"}}],"inLanguage":"en-US"},{"@type":"Person","@id":"https:\/\/www.cosmed.fr\/#\/schema\/person\/804d896a46d93e28deeb0a7ec5d410bb","name":"MARQUIER","image":{"@type":"ImageObject","inLanguage":"en-US","@id":"https:\/\/www.cosmed.fr\/#\/schema\/person\/image\/","url":"https:\/\/secure.gravatar.com\/avatar\/77c74e5b1028ba2ee5487dcdaac0de77c0e0820b70499d9f160be28c72d1124b?s=96&d=mm&r=g","contentUrl":"https:\/\/secure.gravatar.com\/avatar\/77c74e5b1028ba2ee5487dcdaac0de77c0e0820b70499d9f160be28c72d1124b?s=96&d=mm&r=g","caption":"MARQUIER"},"url":"http:\/\/www.cosmed.fr\/en\/author\/e-marquiercosmed-fr\/"}]}},"_links":{"self":[{"href":"http:\/\/www.cosmed.fr\/en\/wp-json\/wp\/v2\/posts\/7040","targetHints":{"allow":["GET"]}}],"collection":[{"href":"http:\/\/www.cosmed.fr\/en\/wp-json\/wp\/v2\/posts"}],"about":[{"href":"http:\/\/www.cosmed.fr\/en\/wp-json\/wp\/v2\/types\/post"}],"author":[{"embeddable":true,"href":"http:\/\/www.cosmed.fr\/en\/wp-json\/wp\/v2\/users\/30881"}],"replies":[{"embeddable":true,"href":"http:\/\/www.cosmed.fr\/en\/wp-json\/wp\/v2\/comments?post=7040"}],"version-history":[{"count":0,"href":"http:\/\/www.cosmed.fr\/en\/wp-json\/wp\/v2\/posts\/7040\/revisions"}],"wp:attachment":[{"href":"http:\/\/www.cosmed.fr\/en\/wp-json\/wp\/v2\/media?parent=7040"}],"wp:term":[{"taxonomy":"category","embeddable":true,"href":"http:\/\/www.cosmed.fr\/en\/wp-json\/wp\/v2\/categories?post=7040"},{"taxonomy":"post_tag","embeddable":true,"href":"http:\/\/www.cosmed.fr\/en\/wp-json\/wp\/v2\/tags?post=7040"},{"taxonomy":"secteurs","embeddable":true,"href":"http:\/\/www.cosmed.fr\/en\/wp-json\/wp\/v2\/secteurs?post=7040"}],"curies":[{"name":"wp","href":"https:\/\/api.w.org\/{rel}","templated":true}]}}