{"id":7039,"date":"2014-06-26T10:50:03","date_gmt":"2014-06-26T10:50:03","guid":{"rendered":"https:\/\/www.cosmed.fr\/cosmeticdays-2014-les-enjeux-du-developpement-durable-2\/"},"modified":"2014-06-26T10:50:03","modified_gmt":"2014-06-26T10:50:03","slug":"cosmeticdays-2014-les-enjeux-du-developpement-durable-2","status":"publish","type":"post","link":"http:\/\/www.cosmed.fr\/en\/cosmeticdays-2014-les-enjeux-du-developpement-durable-2\/","title":{"rendered":"CosmeticDays 2014, Les enjeux du d\u00e9veloppement durable"},"content":{"rendered":"<div class=\"container\">\n<h3>&nbsp;<\/h3>\n<h3>CosmeticDays 2014, Les enjeux du d\u00e9veloppement durable<\/h3>\n<p>En Juin dernier, au c\u0153ur de Bercy village, l&#8217;association COSMED a tenu ses journ\u00e9es annuelles sur le th\u00e8me du d\u00e9veloppement durable au sein de la fili\u00e8re cosm\u00e9tique. Les Cosmeticdays avaient pour objectif de faire un point sur les derni\u00e8res avanc\u00e9es scientifiques, techniques et industrielles ainsi que les tendances du march\u00e9 et les demandes consommateurs.<\/p>\n<p><a href=\"https:\/\/www.cosmed.fr\/app\/uploads\/2014\/06\/blog-beyond-beauty-cosmecticdays.pdf\">T\u00e9l\u00e9chargez l&#8217;article<\/a><\/p>\n<p>&nbsp;<\/p>\n<\/div>\n","protected":false},"excerpt":{"rendered":"<p>&nbsp; CosmeticDays 2014, Les enjeux du d\u00e9veloppement durable En Juin dernier, au c\u0153ur de Bercy village, l&#8217;association COSMED a tenu ses journ\u00e9es annuelles sur le th\u00e8me du d\u00e9veloppement durable au sein de la fili\u00e8re cosm\u00e9tique. Les Cosmeticdays avaient pour objectif de faire un point sur les derni\u00e8res avanc\u00e9es scientifiques, techniques et industrielles ainsi que les [&hellip;]<\/p>\n","protected":false},"author":30881,"featured_media":0,"comment_status":"open","ping_status":"open","sticky":false,"template":"","format":"standard","meta":{"_acf_changed":false,"footnotes":""},"categories":[216],"tags":[],"secteurs":[],"class_list":["post-7039","post","type-post","status-publish","format-standard","hentry","category-press"],"acf":[],"yoast_head":"<!-- This site is optimized with the Yoast SEO plugin v27.1.1 - https:\/\/yoast.com\/product\/yoast-seo-wordpress\/ -->\n<title>CosmeticDays 2014, Les enjeux du d\u00e9veloppement durable - Cosmed<\/title>\n<meta name=\"robots\" content=\"index, follow, max-snippet:-1, max-image-preview:large, max-video-preview:-1\" \/>\n<link rel=\"canonical\" href=\"http:\/\/www.cosmed.fr\/en\/cosmeticdays-2014-les-enjeux-du-developpement-durable-2\/\" \/>\n<meta property=\"og:locale\" content=\"en_US\" \/>\n<meta property=\"og:type\" content=\"article\" \/>\n<meta property=\"og:title\" content=\"CosmeticDays 2014, Les enjeux du d\u00e9veloppement durable - Cosmed\" \/>\n<meta property=\"og:description\" content=\"&nbsp; CosmeticDays 2014, Les enjeux du d\u00e9veloppement durable En Juin dernier, au c\u0153ur de Bercy village, l&#8217;association COSMED a tenu ses journ\u00e9es annuelles sur le th\u00e8me du d\u00e9veloppement durable au sein de la fili\u00e8re cosm\u00e9tique. Les Cosmeticdays avaient pour objectif de faire un point sur les derni\u00e8res avanc\u00e9es scientifiques, techniques et industrielles ainsi que les [&hellip;]\" \/>\n<meta property=\"og:url\" content=\"http:\/\/www.cosmed.fr\/en\/cosmeticdays-2014-les-enjeux-du-developpement-durable-2\/\" \/>\n<meta property=\"og:site_name\" content=\"Cosmed\" \/>\n<meta property=\"article:published_time\" content=\"2014-06-26T10:50:03+00:00\" \/>\n<meta name=\"author\" content=\"MARQUIER\" \/>\n<meta name=\"twitter:card\" content=\"summary_large_image\" \/>\n<meta name=\"twitter:label1\" content=\"Written by\" \/>\n\t<meta name=\"twitter:data1\" content=\"MARQUIER\" \/>\n<script type=\"application\/ld+json\" class=\"yoast-schema-graph\">{\"@context\":\"https:\/\/schema.org\",\"@graph\":[{\"@type\":\"Article\",\"@id\":\"http:\/\/www.cosmed.fr\/en\/cosmeticdays-2014-les-enjeux-du-developpement-durable-2\/#article\",\"isPartOf\":{\"@id\":\"http:\/\/www.cosmed.fr\/en\/cosmeticdays-2014-les-enjeux-du-developpement-durable-2\/\"},\"author\":{\"name\":\"MARQUIER\",\"@id\":\"https:\/\/www.cosmed.fr\/#\/schema\/person\/804d896a46d93e28deeb0a7ec5d410bb\"},\"headline\":\"CosmeticDays 2014, Les enjeux du d\u00e9veloppement durable\",\"datePublished\":\"2014-06-26T10:50:03+00:00\",\"mainEntityOfPage\":{\"@id\":\"http:\/\/www.cosmed.fr\/en\/cosmeticdays-2014-les-enjeux-du-developpement-durable-2\/\"},\"wordCount\":84,\"commentCount\":0,\"articleSection\":[\"Press\"],\"inLanguage\":\"en-US\",\"potentialAction\":[{\"@type\":\"CommentAction\",\"name\":\"Comment\",\"target\":[\"http:\/\/www.cosmed.fr\/en\/cosmeticdays-2014-les-enjeux-du-developpement-durable-2\/#respond\"]}]},{\"@type\":\"WebPage\",\"@id\":\"http:\/\/www.cosmed.fr\/en\/cosmeticdays-2014-les-enjeux-du-developpement-durable-2\/\",\"url\":\"http:\/\/www.cosmed.fr\/en\/cosmeticdays-2014-les-enjeux-du-developpement-durable-2\/\",\"name\":\"CosmeticDays 2014, Les enjeux du d\u00e9veloppement durable - Cosmed\",\"isPartOf\":{\"@id\":\"https:\/\/www.cosmed.fr\/#website\"},\"datePublished\":\"2014-06-26T10:50:03+00:00\",\"author\":{\"@id\":\"https:\/\/www.cosmed.fr\/#\/schema\/person\/804d896a46d93e28deeb0a7ec5d410bb\"},\"breadcrumb\":{\"@id\":\"http:\/\/www.cosmed.fr\/en\/cosmeticdays-2014-les-enjeux-du-developpement-durable-2\/#breadcrumb\"},\"inLanguage\":\"en-US\",\"potentialAction\":[{\"@type\":\"ReadAction\",\"target\":[\"http:\/\/www.cosmed.fr\/en\/cosmeticdays-2014-les-enjeux-du-developpement-durable-2\/\"]}]},{\"@type\":\"BreadcrumbList\",\"@id\":\"http:\/\/www.cosmed.fr\/en\/cosmeticdays-2014-les-enjeux-du-developpement-durable-2\/#breadcrumb\",\"itemListElement\":[{\"@type\":\"ListItem\",\"position\":1,\"name\":\"Home\",\"item\":\"https:\/\/www.cosmed.fr\/en\/\"},{\"@type\":\"ListItem\",\"position\":2,\"name\":\"Press\",\"item\":\"https:\/\/www.cosmed.fr\/en\/articles\/press\/\"},{\"@type\":\"ListItem\",\"position\":3,\"name\":\"CosmeticDays 2014, Les enjeux du d\u00e9veloppement durable\"}]},{\"@type\":\"WebSite\",\"@id\":\"https:\/\/www.cosmed.fr\/#website\",\"url\":\"https:\/\/www.cosmed.fr\/\",\"name\":\"Cosmed\",\"description\":\"\",\"potentialAction\":[{\"@type\":\"SearchAction\",\"target\":{\"@type\":\"EntryPoint\",\"urlTemplate\":\"https:\/\/www.cosmed.fr\/?s={search_term_string}\"},\"query-input\":{\"@type\":\"PropertyValueSpecification\",\"valueRequired\":true,\"valueName\":\"search_term_string\"}}],\"inLanguage\":\"en-US\"},{\"@type\":\"Person\",\"@id\":\"https:\/\/www.cosmed.fr\/#\/schema\/person\/804d896a46d93e28deeb0a7ec5d410bb\",\"name\":\"MARQUIER\",\"image\":{\"@type\":\"ImageObject\",\"inLanguage\":\"en-US\",\"@id\":\"https:\/\/www.cosmed.fr\/#\/schema\/person\/image\/\",\"url\":\"https:\/\/secure.gravatar.com\/avatar\/77c74e5b1028ba2ee5487dcdaac0de77c0e0820b70499d9f160be28c72d1124b?s=96&d=mm&r=g\",\"contentUrl\":\"https:\/\/secure.gravatar.com\/avatar\/77c74e5b1028ba2ee5487dcdaac0de77c0e0820b70499d9f160be28c72d1124b?s=96&d=mm&r=g\",\"caption\":\"MARQUIER\"},\"url\":\"http:\/\/www.cosmed.fr\/en\/author\/e-marquiercosmed-fr\/\"}]}<\/script>\n<!-- \/ Yoast SEO plugin. -->","yoast_head_json":{"title":"CosmeticDays 2014, Les enjeux du d\u00e9veloppement durable - Cosmed","robots":{"index":"index","follow":"follow","max-snippet":"max-snippet:-1","max-image-preview":"max-image-preview:large","max-video-preview":"max-video-preview:-1"},"canonical":"http:\/\/www.cosmed.fr\/en\/cosmeticdays-2014-les-enjeux-du-developpement-durable-2\/","og_locale":"en_US","og_type":"article","og_title":"CosmeticDays 2014, Les enjeux du d\u00e9veloppement durable - Cosmed","og_description":"&nbsp; CosmeticDays 2014, Les enjeux du d\u00e9veloppement durable En Juin dernier, au c\u0153ur de Bercy village, l&#8217;association COSMED a tenu ses journ\u00e9es annuelles sur le th\u00e8me du d\u00e9veloppement durable au sein de la fili\u00e8re cosm\u00e9tique. Les Cosmeticdays avaient pour objectif de faire un point sur les derni\u00e8res avanc\u00e9es scientifiques, techniques et industrielles ainsi que les [&hellip;]","og_url":"http:\/\/www.cosmed.fr\/en\/cosmeticdays-2014-les-enjeux-du-developpement-durable-2\/","og_site_name":"Cosmed","article_published_time":"2014-06-26T10:50:03+00:00","author":"MARQUIER","twitter_card":"summary_large_image","twitter_misc":{"Written by":"MARQUIER"},"schema":{"@context":"https:\/\/schema.org","@graph":[{"@type":"Article","@id":"http:\/\/www.cosmed.fr\/en\/cosmeticdays-2014-les-enjeux-du-developpement-durable-2\/#article","isPartOf":{"@id":"http:\/\/www.cosmed.fr\/en\/cosmeticdays-2014-les-enjeux-du-developpement-durable-2\/"},"author":{"name":"MARQUIER","@id":"https:\/\/www.cosmed.fr\/#\/schema\/person\/804d896a46d93e28deeb0a7ec5d410bb"},"headline":"CosmeticDays 2014, Les enjeux du d\u00e9veloppement durable","datePublished":"2014-06-26T10:50:03+00:00","mainEntityOfPage":{"@id":"http:\/\/www.cosmed.fr\/en\/cosmeticdays-2014-les-enjeux-du-developpement-durable-2\/"},"wordCount":84,"commentCount":0,"articleSection":["Press"],"inLanguage":"en-US","potentialAction":[{"@type":"CommentAction","name":"Comment","target":["http:\/\/www.cosmed.fr\/en\/cosmeticdays-2014-les-enjeux-du-developpement-durable-2\/#respond"]}]},{"@type":"WebPage","@id":"http:\/\/www.cosmed.fr\/en\/cosmeticdays-2014-les-enjeux-du-developpement-durable-2\/","url":"http:\/\/www.cosmed.fr\/en\/cosmeticdays-2014-les-enjeux-du-developpement-durable-2\/","name":"CosmeticDays 2014, Les enjeux du d\u00e9veloppement durable - Cosmed","isPartOf":{"@id":"https:\/\/www.cosmed.fr\/#website"},"datePublished":"2014-06-26T10:50:03+00:00","author":{"@id":"https:\/\/www.cosmed.fr\/#\/schema\/person\/804d896a46d93e28deeb0a7ec5d410bb"},"breadcrumb":{"@id":"http:\/\/www.cosmed.fr\/en\/cosmeticdays-2014-les-enjeux-du-developpement-durable-2\/#breadcrumb"},"inLanguage":"en-US","potentialAction":[{"@type":"ReadAction","target":["http:\/\/www.cosmed.fr\/en\/cosmeticdays-2014-les-enjeux-du-developpement-durable-2\/"]}]},{"@type":"BreadcrumbList","@id":"http:\/\/www.cosmed.fr\/en\/cosmeticdays-2014-les-enjeux-du-developpement-durable-2\/#breadcrumb","itemListElement":[{"@type":"ListItem","position":1,"name":"Home","item":"https:\/\/www.cosmed.fr\/en\/"},{"@type":"ListItem","position":2,"name":"Press","item":"https:\/\/www.cosmed.fr\/en\/articles\/press\/"},{"@type":"ListItem","position":3,"name":"CosmeticDays 2014, Les enjeux du d\u00e9veloppement durable"}]},{"@type":"WebSite","@id":"https:\/\/www.cosmed.fr\/#website","url":"https:\/\/www.cosmed.fr\/","name":"Cosmed","description":"","potentialAction":[{"@type":"SearchAction","target":{"@type":"EntryPoint","urlTemplate":"https:\/\/www.cosmed.fr\/?s={search_term_string}"},"query-input":{"@type":"PropertyValueSpecification","valueRequired":true,"valueName":"search_term_string"}}],"inLanguage":"en-US"},{"@type":"Person","@id":"https:\/\/www.cosmed.fr\/#\/schema\/person\/804d896a46d93e28deeb0a7ec5d410bb","name":"MARQUIER","image":{"@type":"ImageObject","inLanguage":"en-US","@id":"https:\/\/www.cosmed.fr\/#\/schema\/person\/image\/","url":"https:\/\/secure.gravatar.com\/avatar\/77c74e5b1028ba2ee5487dcdaac0de77c0e0820b70499d9f160be28c72d1124b?s=96&d=mm&r=g","contentUrl":"https:\/\/secure.gravatar.com\/avatar\/77c74e5b1028ba2ee5487dcdaac0de77c0e0820b70499d9f160be28c72d1124b?s=96&d=mm&r=g","caption":"MARQUIER"},"url":"http:\/\/www.cosmed.fr\/en\/author\/e-marquiercosmed-fr\/"}]}},"_links":{"self":[{"href":"http:\/\/www.cosmed.fr\/en\/wp-json\/wp\/v2\/posts\/7039","targetHints":{"allow":["GET"]}}],"collection":[{"href":"http:\/\/www.cosmed.fr\/en\/wp-json\/wp\/v2\/posts"}],"about":[{"href":"http:\/\/www.cosmed.fr\/en\/wp-json\/wp\/v2\/types\/post"}],"author":[{"embeddable":true,"href":"http:\/\/www.cosmed.fr\/en\/wp-json\/wp\/v2\/users\/30881"}],"replies":[{"embeddable":true,"href":"http:\/\/www.cosmed.fr\/en\/wp-json\/wp\/v2\/comments?post=7039"}],"version-history":[{"count":0,"href":"http:\/\/www.cosmed.fr\/en\/wp-json\/wp\/v2\/posts\/7039\/revisions"}],"wp:attachment":[{"href":"http:\/\/www.cosmed.fr\/en\/wp-json\/wp\/v2\/media?parent=7039"}],"wp:term":[{"taxonomy":"category","embeddable":true,"href":"http:\/\/www.cosmed.fr\/en\/wp-json\/wp\/v2\/categories?post=7039"},{"taxonomy":"post_tag","embeddable":true,"href":"http:\/\/www.cosmed.fr\/en\/wp-json\/wp\/v2\/tags?post=7039"},{"taxonomy":"secteurs","embeddable":true,"href":"http:\/\/www.cosmed.fr\/en\/wp-json\/wp\/v2\/secteurs?post=7039"}],"curies":[{"name":"wp","href":"https:\/\/api.w.org\/{rel}","templated":true}]}}