{"id":51798,"date":"2026-02-06T13:33:28","date_gmt":"2026-02-06T13:33:28","guid":{"rendered":"https:\/\/www.cosmed.fr\/?p=51798"},"modified":"2026-02-06T13:34:39","modified_gmt":"2026-02-06T13:34:39","slug":"la-filiere-cosmetique-veut-miser-sur-les-ingredients-biosources-pour-se-developper-en-grand-est","status":"publish","type":"post","link":"http:\/\/www.cosmed.fr\/en\/la-filiere-cosmetique-veut-miser-sur-les-ingredients-biosources-pour-se-developper-en-grand-est\/","title":{"rendered":"La fili\u00e8re cosm\u00e9tique veut miser sur les ingr\u00e9dients biosourc\u00e9s pour se d\u00e9velopper en Grand Est"},"content":{"rendered":"\n<p>Interview de Sophie Hericher, Charg\u00e9e des relations institutionnelles et publiques &#8211; Cosmed<\/p>\n\n\n\n<p><a href=\"https:\/\/www.canal32.fr\/thematiques\/economie\/42594\/lheure-eco-linterview-la-filiere-cosmetique-veut-miser-sur-les-ingredients-biosources-pour-se-developper-en-grand-est-du-04-fevrier-2026.html\">L\u2019Heure \u00c9co, L\u2019Interview : la fili\u00e8re cosm\u00e9tique veut miser sur les ingr\u00e9dients biosourc\u00e9s pour se d\u00e9velopper en Grand Est | Canal 32<\/a><\/p>\n","protected":false},"excerpt":{"rendered":"<p>Interview de Sophie Hericher, Charg\u00e9e des relations institutionnelles et publiques &#8211; Cosmed L\u2019Heure \u00c9co, L\u2019Interview : la fili\u00e8re cosm\u00e9tique veut miser sur les ingr\u00e9dients biosourc\u00e9s pour se d\u00e9velopper en Grand Est | Canal 32<\/p>\n","protected":false},"author":30881,"featured_media":0,"comment_status":"open","ping_status":"open","sticky":false,"template":"","format":"standard","meta":{"_acf_changed":false,"footnotes":""},"categories":[448],"tags":[],"secteurs":[],"class_list":["post-51798","post","type-post","status-publish","format-standard","hentry","category-on-parle-de-nous-en"],"acf":[],"yoast_head":"<!-- This site is optimized with the Yoast SEO plugin v27.1.1 - https:\/\/yoast.com\/product\/yoast-seo-wordpress\/ -->\n<title>La fili\u00e8re cosm\u00e9tique veut miser sur les ingr\u00e9dients biosourc\u00e9s pour se d\u00e9velopper en Grand Est - Cosmed<\/title>\n<meta name=\"robots\" content=\"index, follow, max-snippet:-1, max-image-preview:large, max-video-preview:-1\" \/>\n<link rel=\"canonical\" href=\"https:\/\/www.cosmed.fr\/en\/la-filiere-cosmetique-veut-miser-sur-les-ingredients-biosources-pour-se-developper-en-grand-est\/\" \/>\n<meta property=\"og:locale\" content=\"en_US\" \/>\n<meta property=\"og:type\" content=\"article\" \/>\n<meta property=\"og:title\" content=\"La fili\u00e8re cosm\u00e9tique veut miser sur les ingr\u00e9dients biosourc\u00e9s pour se d\u00e9velopper en Grand Est - Cosmed\" \/>\n<meta property=\"og:description\" content=\"Interview de Sophie Hericher, Charg\u00e9e des relations institutionnelles et publiques &#8211; Cosmed L\u2019Heure \u00c9co, L\u2019Interview : la fili\u00e8re cosm\u00e9tique veut miser sur les ingr\u00e9dients biosourc\u00e9s pour se d\u00e9velopper en Grand Est | Canal 32\" \/>\n<meta property=\"og:url\" content=\"https:\/\/www.cosmed.fr\/en\/la-filiere-cosmetique-veut-miser-sur-les-ingredients-biosources-pour-se-developper-en-grand-est\/\" \/>\n<meta property=\"og:site_name\" content=\"Cosmed\" \/>\n<meta property=\"article:published_time\" content=\"2026-02-06T13:33:28+00:00\" \/>\n<meta property=\"article:modified_time\" content=\"2026-02-06T13:34:39+00:00\" \/>\n<meta name=\"author\" content=\"MARQUIER\" \/>\n<meta name=\"twitter:card\" content=\"summary_large_image\" \/>\n<meta name=\"twitter:label1\" content=\"Written by\" \/>\n\t<meta name=\"twitter:data1\" content=\"MARQUIER\" \/>\n\t<meta name=\"twitter:label2\" content=\"Est. reading time\" \/>\n\t<meta name=\"twitter:data2\" content=\"1 minute\" \/>\n<script type=\"application\/ld+json\" class=\"yoast-schema-graph\">{\"@context\":\"https:\/\/schema.org\",\"@graph\":[{\"@type\":\"Article\",\"@id\":\"https:\/\/www.cosmed.fr\/en\/la-filiere-cosmetique-veut-miser-sur-les-ingredients-biosources-pour-se-developper-en-grand-est\/#article\",\"isPartOf\":{\"@id\":\"https:\/\/www.cosmed.fr\/en\/la-filiere-cosmetique-veut-miser-sur-les-ingredients-biosources-pour-se-developper-en-grand-est\/\"},\"author\":{\"name\":\"MARQUIER\",\"@id\":\"https:\/\/www.cosmed.fr\/#\/schema\/person\/804d896a46d93e28deeb0a7ec5d410bb\"},\"headline\":\"La fili\u00e8re cosm\u00e9tique veut miser sur les ingr\u00e9dients biosourc\u00e9s pour se d\u00e9velopper en Grand Est\",\"datePublished\":\"2026-02-06T13:33:28+00:00\",\"dateModified\":\"2026-02-06T13:34:39+00:00\",\"mainEntityOfPage\":{\"@id\":\"https:\/\/www.cosmed.fr\/en\/la-filiere-cosmetique-veut-miser-sur-les-ingredients-biosources-pour-se-developper-en-grand-est\/\"},\"wordCount\":59,\"commentCount\":0,\"articleSection\":[\"On parle de nous\"],\"inLanguage\":\"en-US\",\"potentialAction\":[{\"@type\":\"CommentAction\",\"name\":\"Comment\",\"target\":[\"https:\/\/www.cosmed.fr\/en\/la-filiere-cosmetique-veut-miser-sur-les-ingredients-biosources-pour-se-developper-en-grand-est\/#respond\"]}]},{\"@type\":\"WebPage\",\"@id\":\"https:\/\/www.cosmed.fr\/en\/la-filiere-cosmetique-veut-miser-sur-les-ingredients-biosources-pour-se-developper-en-grand-est\/\",\"url\":\"https:\/\/www.cosmed.fr\/en\/la-filiere-cosmetique-veut-miser-sur-les-ingredients-biosources-pour-se-developper-en-grand-est\/\",\"name\":\"La fili\u00e8re cosm\u00e9tique veut miser sur les ingr\u00e9dients biosourc\u00e9s pour se d\u00e9velopper en Grand Est - Cosmed\",\"isPartOf\":{\"@id\":\"https:\/\/www.cosmed.fr\/#website\"},\"datePublished\":\"2026-02-06T13:33:28+00:00\",\"dateModified\":\"2026-02-06T13:34:39+00:00\",\"author\":{\"@id\":\"https:\/\/www.cosmed.fr\/#\/schema\/person\/804d896a46d93e28deeb0a7ec5d410bb\"},\"breadcrumb\":{\"@id\":\"https:\/\/www.cosmed.fr\/en\/la-filiere-cosmetique-veut-miser-sur-les-ingredients-biosources-pour-se-developper-en-grand-est\/#breadcrumb\"},\"inLanguage\":\"en-US\",\"potentialAction\":[{\"@type\":\"ReadAction\",\"target\":[\"https:\/\/www.cosmed.fr\/en\/la-filiere-cosmetique-veut-miser-sur-les-ingredients-biosources-pour-se-developper-en-grand-est\/\"]}]},{\"@type\":\"BreadcrumbList\",\"@id\":\"https:\/\/www.cosmed.fr\/en\/la-filiere-cosmetique-veut-miser-sur-les-ingredients-biosources-pour-se-developper-en-grand-est\/#breadcrumb\",\"itemListElement\":[{\"@type\":\"ListItem\",\"position\":1,\"name\":\"Home\",\"item\":\"https:\/\/www.cosmed.fr\/en\/\"},{\"@type\":\"ListItem\",\"position\":2,\"name\":\"On parle de nous\",\"item\":\"https:\/\/www.cosmed.fr\/en\/articles\/on-parle-de-nous-en\/\"},{\"@type\":\"ListItem\",\"position\":3,\"name\":\"La fili\u00e8re cosm\u00e9tique veut miser sur les ingr\u00e9dients biosourc\u00e9s pour se d\u00e9velopper en Grand Est\"}]},{\"@type\":\"WebSite\",\"@id\":\"https:\/\/www.cosmed.fr\/#website\",\"url\":\"https:\/\/www.cosmed.fr\/\",\"name\":\"Cosmed\",\"description\":\"\",\"potentialAction\":[{\"@type\":\"SearchAction\",\"target\":{\"@type\":\"EntryPoint\",\"urlTemplate\":\"https:\/\/www.cosmed.fr\/?s={search_term_string}\"},\"query-input\":{\"@type\":\"PropertyValueSpecification\",\"valueRequired\":true,\"valueName\":\"search_term_string\"}}],\"inLanguage\":\"en-US\"},{\"@type\":\"Person\",\"@id\":\"https:\/\/www.cosmed.fr\/#\/schema\/person\/804d896a46d93e28deeb0a7ec5d410bb\",\"name\":\"MARQUIER\",\"image\":{\"@type\":\"ImageObject\",\"inLanguage\":\"en-US\",\"@id\":\"https:\/\/www.cosmed.fr\/#\/schema\/person\/image\/\",\"url\":\"https:\/\/secure.gravatar.com\/avatar\/77c74e5b1028ba2ee5487dcdaac0de77c0e0820b70499d9f160be28c72d1124b?s=96&d=mm&r=g\",\"contentUrl\":\"https:\/\/secure.gravatar.com\/avatar\/77c74e5b1028ba2ee5487dcdaac0de77c0e0820b70499d9f160be28c72d1124b?s=96&d=mm&r=g\",\"caption\":\"MARQUIER\"},\"url\":\"http:\/\/www.cosmed.fr\/en\/author\/e-marquiercosmed-fr\/\"}]}<\/script>\n<!-- \/ Yoast SEO plugin. -->","yoast_head_json":{"title":"La fili\u00e8re cosm\u00e9tique veut miser sur les ingr\u00e9dients biosourc\u00e9s pour se d\u00e9velopper en Grand Est - Cosmed","robots":{"index":"index","follow":"follow","max-snippet":"max-snippet:-1","max-image-preview":"max-image-preview:large","max-video-preview":"max-video-preview:-1"},"canonical":"https:\/\/www.cosmed.fr\/en\/la-filiere-cosmetique-veut-miser-sur-les-ingredients-biosources-pour-se-developper-en-grand-est\/","og_locale":"en_US","og_type":"article","og_title":"La fili\u00e8re cosm\u00e9tique veut miser sur les ingr\u00e9dients biosourc\u00e9s pour se d\u00e9velopper en Grand Est - Cosmed","og_description":"Interview de Sophie Hericher, Charg\u00e9e des relations institutionnelles et publiques &#8211; Cosmed L\u2019Heure \u00c9co, L\u2019Interview : la fili\u00e8re cosm\u00e9tique veut miser sur les ingr\u00e9dients biosourc\u00e9s pour se d\u00e9velopper en Grand Est | Canal 32","og_url":"https:\/\/www.cosmed.fr\/en\/la-filiere-cosmetique-veut-miser-sur-les-ingredients-biosources-pour-se-developper-en-grand-est\/","og_site_name":"Cosmed","article_published_time":"2026-02-06T13:33:28+00:00","article_modified_time":"2026-02-06T13:34:39+00:00","author":"MARQUIER","twitter_card":"summary_large_image","twitter_misc":{"Written by":"MARQUIER","Est. reading time":"1 minute"},"schema":{"@context":"https:\/\/schema.org","@graph":[{"@type":"Article","@id":"https:\/\/www.cosmed.fr\/en\/la-filiere-cosmetique-veut-miser-sur-les-ingredients-biosources-pour-se-developper-en-grand-est\/#article","isPartOf":{"@id":"https:\/\/www.cosmed.fr\/en\/la-filiere-cosmetique-veut-miser-sur-les-ingredients-biosources-pour-se-developper-en-grand-est\/"},"author":{"name":"MARQUIER","@id":"https:\/\/www.cosmed.fr\/#\/schema\/person\/804d896a46d93e28deeb0a7ec5d410bb"},"headline":"La fili\u00e8re cosm\u00e9tique veut miser sur les ingr\u00e9dients biosourc\u00e9s pour se d\u00e9velopper en Grand Est","datePublished":"2026-02-06T13:33:28+00:00","dateModified":"2026-02-06T13:34:39+00:00","mainEntityOfPage":{"@id":"https:\/\/www.cosmed.fr\/en\/la-filiere-cosmetique-veut-miser-sur-les-ingredients-biosources-pour-se-developper-en-grand-est\/"},"wordCount":59,"commentCount":0,"articleSection":["On parle de nous"],"inLanguage":"en-US","potentialAction":[{"@type":"CommentAction","name":"Comment","target":["https:\/\/www.cosmed.fr\/en\/la-filiere-cosmetique-veut-miser-sur-les-ingredients-biosources-pour-se-developper-en-grand-est\/#respond"]}]},{"@type":"WebPage","@id":"https:\/\/www.cosmed.fr\/en\/la-filiere-cosmetique-veut-miser-sur-les-ingredients-biosources-pour-se-developper-en-grand-est\/","url":"https:\/\/www.cosmed.fr\/en\/la-filiere-cosmetique-veut-miser-sur-les-ingredients-biosources-pour-se-developper-en-grand-est\/","name":"La fili\u00e8re cosm\u00e9tique veut miser sur les ingr\u00e9dients biosourc\u00e9s pour se d\u00e9velopper en Grand Est - Cosmed","isPartOf":{"@id":"https:\/\/www.cosmed.fr\/#website"},"datePublished":"2026-02-06T13:33:28+00:00","dateModified":"2026-02-06T13:34:39+00:00","author":{"@id":"https:\/\/www.cosmed.fr\/#\/schema\/person\/804d896a46d93e28deeb0a7ec5d410bb"},"breadcrumb":{"@id":"https:\/\/www.cosmed.fr\/en\/la-filiere-cosmetique-veut-miser-sur-les-ingredients-biosources-pour-se-developper-en-grand-est\/#breadcrumb"},"inLanguage":"en-US","potentialAction":[{"@type":"ReadAction","target":["https:\/\/www.cosmed.fr\/en\/la-filiere-cosmetique-veut-miser-sur-les-ingredients-biosources-pour-se-developper-en-grand-est\/"]}]},{"@type":"BreadcrumbList","@id":"https:\/\/www.cosmed.fr\/en\/la-filiere-cosmetique-veut-miser-sur-les-ingredients-biosources-pour-se-developper-en-grand-est\/#breadcrumb","itemListElement":[{"@type":"ListItem","position":1,"name":"Home","item":"https:\/\/www.cosmed.fr\/en\/"},{"@type":"ListItem","position":2,"name":"On parle de nous","item":"https:\/\/www.cosmed.fr\/en\/articles\/on-parle-de-nous-en\/"},{"@type":"ListItem","position":3,"name":"La fili\u00e8re cosm\u00e9tique veut miser sur les ingr\u00e9dients biosourc\u00e9s pour se d\u00e9velopper en Grand Est"}]},{"@type":"WebSite","@id":"https:\/\/www.cosmed.fr\/#website","url":"https:\/\/www.cosmed.fr\/","name":"Cosmed","description":"","potentialAction":[{"@type":"SearchAction","target":{"@type":"EntryPoint","urlTemplate":"https:\/\/www.cosmed.fr\/?s={search_term_string}"},"query-input":{"@type":"PropertyValueSpecification","valueRequired":true,"valueName":"search_term_string"}}],"inLanguage":"en-US"},{"@type":"Person","@id":"https:\/\/www.cosmed.fr\/#\/schema\/person\/804d896a46d93e28deeb0a7ec5d410bb","name":"MARQUIER","image":{"@type":"ImageObject","inLanguage":"en-US","@id":"https:\/\/www.cosmed.fr\/#\/schema\/person\/image\/","url":"https:\/\/secure.gravatar.com\/avatar\/77c74e5b1028ba2ee5487dcdaac0de77c0e0820b70499d9f160be28c72d1124b?s=96&d=mm&r=g","contentUrl":"https:\/\/secure.gravatar.com\/avatar\/77c74e5b1028ba2ee5487dcdaac0de77c0e0820b70499d9f160be28c72d1124b?s=96&d=mm&r=g","caption":"MARQUIER"},"url":"http:\/\/www.cosmed.fr\/en\/author\/e-marquiercosmed-fr\/"}]}},"_links":{"self":[{"href":"http:\/\/www.cosmed.fr\/en\/wp-json\/wp\/v2\/posts\/51798","targetHints":{"allow":["GET"]}}],"collection":[{"href":"http:\/\/www.cosmed.fr\/en\/wp-json\/wp\/v2\/posts"}],"about":[{"href":"http:\/\/www.cosmed.fr\/en\/wp-json\/wp\/v2\/types\/post"}],"author":[{"embeddable":true,"href":"http:\/\/www.cosmed.fr\/en\/wp-json\/wp\/v2\/users\/30881"}],"replies":[{"embeddable":true,"href":"http:\/\/www.cosmed.fr\/en\/wp-json\/wp\/v2\/comments?post=51798"}],"version-history":[{"count":2,"href":"http:\/\/www.cosmed.fr\/en\/wp-json\/wp\/v2\/posts\/51798\/revisions"}],"predecessor-version":[{"id":51803,"href":"http:\/\/www.cosmed.fr\/en\/wp-json\/wp\/v2\/posts\/51798\/revisions\/51803"}],"wp:attachment":[{"href":"http:\/\/www.cosmed.fr\/en\/wp-json\/wp\/v2\/media?parent=51798"}],"wp:term":[{"taxonomy":"category","embeddable":true,"href":"http:\/\/www.cosmed.fr\/en\/wp-json\/wp\/v2\/categories?post=51798"},{"taxonomy":"post_tag","embeddable":true,"href":"http:\/\/www.cosmed.fr\/en\/wp-json\/wp\/v2\/tags?post=51798"},{"taxonomy":"secteurs","embeddable":true,"href":"http:\/\/www.cosmed.fr\/en\/wp-json\/wp\/v2\/secteurs?post=51798"}],"curies":[{"name":"wp","href":"https:\/\/api.w.org\/{rel}","templated":true}]}}