{"id":31914,"date":"2023-05-02T12:09:49","date_gmt":"2023-05-02T12:09:49","guid":{"rendered":"https:\/\/www.cosmed.fr\/?p=31914"},"modified":"2023-05-31T12:11:40","modified_gmt":"2023-05-31T12:11:40","slug":"carros-une-rencontre-du-cosmetopole-sur-le-theme-de-lenvironnement","status":"publish","type":"post","link":"http:\/\/www.cosmed.fr\/en\/carros-une-rencontre-du-cosmetopole-sur-le-theme-de-lenvironnement\/","title":{"rendered":"Carros : une rencontre du Cosmetop\u00f4le sur le th\u00e8me de l\u2019environnement"},"content":{"rendered":"\n<p>Le secteur de la cosm\u00e9tique met le cap sur l\u2019environnement et la transition \u00e9cologique. La prochaine <strong>Rencontre du Cosmetop\u00f4le Cosmed Provence C\u00f4te d\u2019Azur, le 13 juin \u00e0 Carros (initialement pr\u00e9vue le 1er juin, elle a \u00e9t\u00e9 report\u00e9e)<\/strong>, se tiendra sur le th\u00e8me de \u201c<strong><em>la technologie peut-elle soutenir la durabilit\u00e9 ?<\/em><\/strong>\u201d. Dans une r\u00e9gion Sud o\u00f9 la fili\u00e8re cosm\u00e9tique repr\u00e9sente 14.000 emplois et 4 milliards d\u2019euros de chiffre d\u2019affaires, il s\u2019agira de mettre en lumi\u00e8re des initiatives industrielles prises en faveur de la transition \u00e9cologique. Quelque 80 entreprises sont attendues pour cette journ\u00e9e qui s\u2019adresse \u00e0 tous les professionnels de ce secteur et sera articul\u00e9e autour d\u2019un programme de conf\u00e9rences et de la visite de l\u2019entreprise Sofia Cosm\u00e9tiques ou d\u2019un atelier pratique dont le th\u00e8me choisi est l\u2019Environnement.<\/p>\n\n\n\n<p><a href=\"https:\/\/www.webtimemedias.com\/article\/carros-une-rencontre-du-cosmetopole-sur-le-theme-de-lenvironnement\">lire l&#8217;article<\/a><\/p>\n","protected":false},"excerpt":{"rendered":"<p>Le secteur de la cosm\u00e9tique met le cap sur l\u2019environnement et la transition \u00e9cologique. La prochaine Rencontre du Cosmetop\u00f4le Cosmed Provence C\u00f4te d\u2019Azur, le 13 juin \u00e0 Carros (initialement pr\u00e9vue le 1er juin, elle a \u00e9t\u00e9 report\u00e9e), se tiendra sur le th\u00e8me de \u201cla technologie peut-elle soutenir la durabilit\u00e9 ?\u201d. Dans une r\u00e9gion Sud o\u00f9 [&hellip;]<\/p>\n","protected":false},"author":30881,"featured_media":0,"comment_status":"open","ping_status":"open","sticky":false,"template":"","format":"standard","meta":{"_acf_changed":false,"footnotes":""},"categories":[448],"tags":[],"secteurs":[],"class_list":["post-31914","post","type-post","status-publish","format-standard","hentry","category-on-parle-de-nous-en"],"acf":[],"yoast_head":"<!-- This site is optimized with the Yoast SEO plugin v27.1.1 - https:\/\/yoast.com\/product\/yoast-seo-wordpress\/ -->\n<title>Carros : une rencontre du Cosmetop\u00f4le sur le th\u00e8me de l\u2019environnement - Cosmed<\/title>\n<meta name=\"robots\" content=\"index, follow, max-snippet:-1, max-image-preview:large, max-video-preview:-1\" \/>\n<link rel=\"canonical\" href=\"http:\/\/www.cosmed.fr\/en\/carros-une-rencontre-du-cosmetopole-sur-le-theme-de-lenvironnement\/\" \/>\n<meta property=\"og:locale\" content=\"en_US\" \/>\n<meta property=\"og:type\" content=\"article\" \/>\n<meta property=\"og:title\" content=\"Carros : une rencontre du Cosmetop\u00f4le sur le th\u00e8me de l\u2019environnement - Cosmed\" \/>\n<meta property=\"og:description\" content=\"Le secteur de la cosm\u00e9tique met le cap sur l\u2019environnement et la transition \u00e9cologique. La prochaine Rencontre du Cosmetop\u00f4le Cosmed Provence C\u00f4te d\u2019Azur, le 13 juin \u00e0 Carros (initialement pr\u00e9vue le 1er juin, elle a \u00e9t\u00e9 report\u00e9e), se tiendra sur le th\u00e8me de \u201cla technologie peut-elle soutenir la durabilit\u00e9 ?\u201d. Dans une r\u00e9gion Sud o\u00f9 [&hellip;]\" \/>\n<meta property=\"og:url\" content=\"http:\/\/www.cosmed.fr\/en\/carros-une-rencontre-du-cosmetopole-sur-le-theme-de-lenvironnement\/\" \/>\n<meta property=\"og:site_name\" content=\"Cosmed\" \/>\n<meta property=\"article:published_time\" content=\"2023-05-02T12:09:49+00:00\" \/>\n<meta property=\"article:modified_time\" content=\"2023-05-31T12:11:40+00:00\" \/>\n<meta name=\"author\" content=\"MARQUIER\" \/>\n<meta name=\"twitter:card\" content=\"summary_large_image\" \/>\n<meta name=\"twitter:label1\" content=\"Written by\" \/>\n\t<meta name=\"twitter:data1\" content=\"MARQUIER\" \/>\n\t<meta name=\"twitter:label2\" content=\"Est. reading time\" \/>\n\t<meta name=\"twitter:data2\" content=\"1 minute\" \/>\n<script type=\"application\/ld+json\" class=\"yoast-schema-graph\">{\"@context\":\"https:\/\/schema.org\",\"@graph\":[{\"@type\":\"Article\",\"@id\":\"http:\/\/www.cosmed.fr\/en\/carros-une-rencontre-du-cosmetopole-sur-le-theme-de-lenvironnement\/#article\",\"isPartOf\":{\"@id\":\"http:\/\/www.cosmed.fr\/en\/carros-une-rencontre-du-cosmetopole-sur-le-theme-de-lenvironnement\/\"},\"author\":{\"name\":\"MARQUIER\",\"@id\":\"https:\/\/www.cosmed.fr\/#\/schema\/person\/804d896a46d93e28deeb0a7ec5d410bb\"},\"headline\":\"Carros : une rencontre du Cosmetop\u00f4le sur le th\u00e8me de l\u2019environnement\",\"datePublished\":\"2023-05-02T12:09:49+00:00\",\"dateModified\":\"2023-05-31T12:11:40+00:00\",\"mainEntityOfPage\":{\"@id\":\"http:\/\/www.cosmed.fr\/en\/carros-une-rencontre-du-cosmetopole-sur-le-theme-de-lenvironnement\/\"},\"wordCount\":162,\"commentCount\":0,\"articleSection\":[\"On parle de nous\"],\"inLanguage\":\"en-US\",\"potentialAction\":[{\"@type\":\"CommentAction\",\"name\":\"Comment\",\"target\":[\"http:\/\/www.cosmed.fr\/en\/carros-une-rencontre-du-cosmetopole-sur-le-theme-de-lenvironnement\/#respond\"]}]},{\"@type\":\"WebPage\",\"@id\":\"http:\/\/www.cosmed.fr\/en\/carros-une-rencontre-du-cosmetopole-sur-le-theme-de-lenvironnement\/\",\"url\":\"http:\/\/www.cosmed.fr\/en\/carros-une-rencontre-du-cosmetopole-sur-le-theme-de-lenvironnement\/\",\"name\":\"Carros : une rencontre du Cosmetop\u00f4le sur le th\u00e8me de l\u2019environnement - Cosmed\",\"isPartOf\":{\"@id\":\"https:\/\/www.cosmed.fr\/#website\"},\"datePublished\":\"2023-05-02T12:09:49+00:00\",\"dateModified\":\"2023-05-31T12:11:40+00:00\",\"author\":{\"@id\":\"https:\/\/www.cosmed.fr\/#\/schema\/person\/804d896a46d93e28deeb0a7ec5d410bb\"},\"breadcrumb\":{\"@id\":\"http:\/\/www.cosmed.fr\/en\/carros-une-rencontre-du-cosmetopole-sur-le-theme-de-lenvironnement\/#breadcrumb\"},\"inLanguage\":\"en-US\",\"potentialAction\":[{\"@type\":\"ReadAction\",\"target\":[\"http:\/\/www.cosmed.fr\/en\/carros-une-rencontre-du-cosmetopole-sur-le-theme-de-lenvironnement\/\"]}]},{\"@type\":\"BreadcrumbList\",\"@id\":\"http:\/\/www.cosmed.fr\/en\/carros-une-rencontre-du-cosmetopole-sur-le-theme-de-lenvironnement\/#breadcrumb\",\"itemListElement\":[{\"@type\":\"ListItem\",\"position\":1,\"name\":\"Home\",\"item\":\"https:\/\/www.cosmed.fr\/en\/\"},{\"@type\":\"ListItem\",\"position\":2,\"name\":\"On parle de nous\",\"item\":\"https:\/\/www.cosmed.fr\/en\/articles\/on-parle-de-nous-en\/\"},{\"@type\":\"ListItem\",\"position\":3,\"name\":\"Carros : une rencontre du Cosmetop\u00f4le sur le th\u00e8me de l\u2019environnement\"}]},{\"@type\":\"WebSite\",\"@id\":\"https:\/\/www.cosmed.fr\/#website\",\"url\":\"https:\/\/www.cosmed.fr\/\",\"name\":\"Cosmed\",\"description\":\"\",\"potentialAction\":[{\"@type\":\"SearchAction\",\"target\":{\"@type\":\"EntryPoint\",\"urlTemplate\":\"https:\/\/www.cosmed.fr\/?s={search_term_string}\"},\"query-input\":{\"@type\":\"PropertyValueSpecification\",\"valueRequired\":true,\"valueName\":\"search_term_string\"}}],\"inLanguage\":\"en-US\"},{\"@type\":\"Person\",\"@id\":\"https:\/\/www.cosmed.fr\/#\/schema\/person\/804d896a46d93e28deeb0a7ec5d410bb\",\"name\":\"MARQUIER\",\"image\":{\"@type\":\"ImageObject\",\"inLanguage\":\"en-US\",\"@id\":\"https:\/\/www.cosmed.fr\/#\/schema\/person\/image\/\",\"url\":\"https:\/\/secure.gravatar.com\/avatar\/77c74e5b1028ba2ee5487dcdaac0de77c0e0820b70499d9f160be28c72d1124b?s=96&d=mm&r=g\",\"contentUrl\":\"https:\/\/secure.gravatar.com\/avatar\/77c74e5b1028ba2ee5487dcdaac0de77c0e0820b70499d9f160be28c72d1124b?s=96&d=mm&r=g\",\"caption\":\"MARQUIER\"},\"url\":\"http:\/\/www.cosmed.fr\/en\/author\/e-marquiercosmed-fr\/\"}]}<\/script>\n<!-- \/ Yoast SEO plugin. -->","yoast_head_json":{"title":"Carros : une rencontre du Cosmetop\u00f4le sur le th\u00e8me de l\u2019environnement - Cosmed","robots":{"index":"index","follow":"follow","max-snippet":"max-snippet:-1","max-image-preview":"max-image-preview:large","max-video-preview":"max-video-preview:-1"},"canonical":"http:\/\/www.cosmed.fr\/en\/carros-une-rencontre-du-cosmetopole-sur-le-theme-de-lenvironnement\/","og_locale":"en_US","og_type":"article","og_title":"Carros : une rencontre du Cosmetop\u00f4le sur le th\u00e8me de l\u2019environnement - Cosmed","og_description":"Le secteur de la cosm\u00e9tique met le cap sur l\u2019environnement et la transition \u00e9cologique. La prochaine Rencontre du Cosmetop\u00f4le Cosmed Provence C\u00f4te d\u2019Azur, le 13 juin \u00e0 Carros (initialement pr\u00e9vue le 1er juin, elle a \u00e9t\u00e9 report\u00e9e), se tiendra sur le th\u00e8me de \u201cla technologie peut-elle soutenir la durabilit\u00e9 ?\u201d. Dans une r\u00e9gion Sud o\u00f9 [&hellip;]","og_url":"http:\/\/www.cosmed.fr\/en\/carros-une-rencontre-du-cosmetopole-sur-le-theme-de-lenvironnement\/","og_site_name":"Cosmed","article_published_time":"2023-05-02T12:09:49+00:00","article_modified_time":"2023-05-31T12:11:40+00:00","author":"MARQUIER","twitter_card":"summary_large_image","twitter_misc":{"Written by":"MARQUIER","Est. reading time":"1 minute"},"schema":{"@context":"https:\/\/schema.org","@graph":[{"@type":"Article","@id":"http:\/\/www.cosmed.fr\/en\/carros-une-rencontre-du-cosmetopole-sur-le-theme-de-lenvironnement\/#article","isPartOf":{"@id":"http:\/\/www.cosmed.fr\/en\/carros-une-rencontre-du-cosmetopole-sur-le-theme-de-lenvironnement\/"},"author":{"name":"MARQUIER","@id":"https:\/\/www.cosmed.fr\/#\/schema\/person\/804d896a46d93e28deeb0a7ec5d410bb"},"headline":"Carros : une rencontre du Cosmetop\u00f4le sur le th\u00e8me de l\u2019environnement","datePublished":"2023-05-02T12:09:49+00:00","dateModified":"2023-05-31T12:11:40+00:00","mainEntityOfPage":{"@id":"http:\/\/www.cosmed.fr\/en\/carros-une-rencontre-du-cosmetopole-sur-le-theme-de-lenvironnement\/"},"wordCount":162,"commentCount":0,"articleSection":["On parle de nous"],"inLanguage":"en-US","potentialAction":[{"@type":"CommentAction","name":"Comment","target":["http:\/\/www.cosmed.fr\/en\/carros-une-rencontre-du-cosmetopole-sur-le-theme-de-lenvironnement\/#respond"]}]},{"@type":"WebPage","@id":"http:\/\/www.cosmed.fr\/en\/carros-une-rencontre-du-cosmetopole-sur-le-theme-de-lenvironnement\/","url":"http:\/\/www.cosmed.fr\/en\/carros-une-rencontre-du-cosmetopole-sur-le-theme-de-lenvironnement\/","name":"Carros : une rencontre du Cosmetop\u00f4le sur le th\u00e8me de l\u2019environnement - Cosmed","isPartOf":{"@id":"https:\/\/www.cosmed.fr\/#website"},"datePublished":"2023-05-02T12:09:49+00:00","dateModified":"2023-05-31T12:11:40+00:00","author":{"@id":"https:\/\/www.cosmed.fr\/#\/schema\/person\/804d896a46d93e28deeb0a7ec5d410bb"},"breadcrumb":{"@id":"http:\/\/www.cosmed.fr\/en\/carros-une-rencontre-du-cosmetopole-sur-le-theme-de-lenvironnement\/#breadcrumb"},"inLanguage":"en-US","potentialAction":[{"@type":"ReadAction","target":["http:\/\/www.cosmed.fr\/en\/carros-une-rencontre-du-cosmetopole-sur-le-theme-de-lenvironnement\/"]}]},{"@type":"BreadcrumbList","@id":"http:\/\/www.cosmed.fr\/en\/carros-une-rencontre-du-cosmetopole-sur-le-theme-de-lenvironnement\/#breadcrumb","itemListElement":[{"@type":"ListItem","position":1,"name":"Home","item":"https:\/\/www.cosmed.fr\/en\/"},{"@type":"ListItem","position":2,"name":"On parle de nous","item":"https:\/\/www.cosmed.fr\/en\/articles\/on-parle-de-nous-en\/"},{"@type":"ListItem","position":3,"name":"Carros : une rencontre du Cosmetop\u00f4le sur le th\u00e8me de l\u2019environnement"}]},{"@type":"WebSite","@id":"https:\/\/www.cosmed.fr\/#website","url":"https:\/\/www.cosmed.fr\/","name":"Cosmed","description":"","potentialAction":[{"@type":"SearchAction","target":{"@type":"EntryPoint","urlTemplate":"https:\/\/www.cosmed.fr\/?s={search_term_string}"},"query-input":{"@type":"PropertyValueSpecification","valueRequired":true,"valueName":"search_term_string"}}],"inLanguage":"en-US"},{"@type":"Person","@id":"https:\/\/www.cosmed.fr\/#\/schema\/person\/804d896a46d93e28deeb0a7ec5d410bb","name":"MARQUIER","image":{"@type":"ImageObject","inLanguage":"en-US","@id":"https:\/\/www.cosmed.fr\/#\/schema\/person\/image\/","url":"https:\/\/secure.gravatar.com\/avatar\/77c74e5b1028ba2ee5487dcdaac0de77c0e0820b70499d9f160be28c72d1124b?s=96&d=mm&r=g","contentUrl":"https:\/\/secure.gravatar.com\/avatar\/77c74e5b1028ba2ee5487dcdaac0de77c0e0820b70499d9f160be28c72d1124b?s=96&d=mm&r=g","caption":"MARQUIER"},"url":"http:\/\/www.cosmed.fr\/en\/author\/e-marquiercosmed-fr\/"}]}},"_links":{"self":[{"href":"http:\/\/www.cosmed.fr\/en\/wp-json\/wp\/v2\/posts\/31914","targetHints":{"allow":["GET"]}}],"collection":[{"href":"http:\/\/www.cosmed.fr\/en\/wp-json\/wp\/v2\/posts"}],"about":[{"href":"http:\/\/www.cosmed.fr\/en\/wp-json\/wp\/v2\/types\/post"}],"author":[{"embeddable":true,"href":"http:\/\/www.cosmed.fr\/en\/wp-json\/wp\/v2\/users\/30881"}],"replies":[{"embeddable":true,"href":"http:\/\/www.cosmed.fr\/en\/wp-json\/wp\/v2\/comments?post=31914"}],"version-history":[{"count":2,"href":"http:\/\/www.cosmed.fr\/en\/wp-json\/wp\/v2\/posts\/31914\/revisions"}],"predecessor-version":[{"id":31918,"href":"http:\/\/www.cosmed.fr\/en\/wp-json\/wp\/v2\/posts\/31914\/revisions\/31918"}],"wp:attachment":[{"href":"http:\/\/www.cosmed.fr\/en\/wp-json\/wp\/v2\/media?parent=31914"}],"wp:term":[{"taxonomy":"category","embeddable":true,"href":"http:\/\/www.cosmed.fr\/en\/wp-json\/wp\/v2\/categories?post=31914"},{"taxonomy":"post_tag","embeddable":true,"href":"http:\/\/www.cosmed.fr\/en\/wp-json\/wp\/v2\/tags?post=31914"},{"taxonomy":"secteurs","embeddable":true,"href":"http:\/\/www.cosmed.fr\/en\/wp-json\/wp\/v2\/secteurs?post=31914"}],"curies":[{"name":"wp","href":"https:\/\/api.w.org\/{rel}","templated":true}]}}