{"id":16044,"date":"2021-04-09T16:09:18","date_gmt":"2021-04-09T16:09:18","guid":{"rendered":"https:\/\/www.cosmed.fr\/la-filiere-cosmetique-francaise-fortement-impactee-par-le-coronavirus\/"},"modified":"2021-04-09T16:09:18","modified_gmt":"2021-04-09T16:09:18","slug":"la-filiere-cosmetique-francaise-fortement-impactee-par-le-coronavirus","status":"publish","type":"post","link":"http:\/\/www.cosmed.fr\/en\/la-filiere-cosmetique-francaise-fortement-impactee-par-le-coronavirus\/","title":{"rendered":"La fili\u00e8re cosm\u00e9tique fran\u00e7aise fortement impact\u00e9e par le coronavirus"},"content":{"rendered":"<div class=\"container\">Une enqu\u00eate r\u00e9alis\u00e9e par <a href=\"https:\/\/www.premiumbeautynews.com\/fr\/exportation-de-produits-hydro,16711\"><strong>Cosmed<\/strong>, l\u2019association professionnelle f\u00e9d\u00e9rant plus sp\u00e9cifiquement les TPE, PME et ETI de la fili\u00e8re cosm\u00e9tique en France<\/a>, montre un <strong>impact n\u00e9gatif de la crise sanitaire sur le chiffre d\u2019affaires de pr\u00e8s de 80% des entreprises<\/strong>, seule une minorit\u00e9 d\u2019entre elles (7%) ont su trouver des opportunit\u00e9s de croissance dans cette situation in\u00e9dite.<span class=\"spip_note_ref\"><br \/>\n<\/span><\/p>\n<p><a href=\"https:\/\/www.premiumbeautynews.com\/fr\/la-filiere-cosmetique-francaise,17330\"><span class=\"btn\">Lire l&#8217;article<\/span><\/a><\/div>\n","protected":false},"excerpt":{"rendered":"<p>Une enqu\u00eate r\u00e9alis\u00e9e par Cosmed, l\u2019association professionnelle f\u00e9d\u00e9rant plus sp\u00e9cifiquement les TPE, PME et ETI de la fili\u00e8re cosm\u00e9tique en France, montre un impact n\u00e9gatif de la crise sanitaire sur le chiffre d\u2019affaires de pr\u00e8s de 80% des entreprises, seule une minorit\u00e9 d\u2019entre elles (7%) ont su trouver des opportunit\u00e9s de croissance dans cette situation [&hellip;]<\/p>\n","protected":false},"author":30881,"featured_media":0,"comment_status":"closed","ping_status":"closed","sticky":false,"template":"","format":"standard","meta":{"_acf_changed":false,"footnotes":""},"categories":[448],"tags":[],"secteurs":[],"class_list":["post-16044","post","type-post","status-publish","format-standard","hentry","category-on-parle-de-nous-en"],"acf":[],"yoast_head":"<!-- This site is optimized with the Yoast SEO plugin v27.1.1 - https:\/\/yoast.com\/product\/yoast-seo-wordpress\/ -->\n<title>La fili\u00e8re cosm\u00e9tique fran\u00e7aise fortement impact\u00e9e par le coronavirus - Cosmed<\/title>\n<meta name=\"robots\" content=\"index, follow, max-snippet:-1, max-image-preview:large, max-video-preview:-1\" \/>\n<link rel=\"canonical\" href=\"http:\/\/www.cosmed.fr\/en\/la-filiere-cosmetique-francaise-fortement-impactee-par-le-coronavirus\/\" \/>\n<meta property=\"og:locale\" content=\"en_US\" \/>\n<meta property=\"og:type\" content=\"article\" \/>\n<meta property=\"og:title\" content=\"La fili\u00e8re cosm\u00e9tique fran\u00e7aise fortement impact\u00e9e par le coronavirus - Cosmed\" \/>\n<meta property=\"og:description\" content=\"Une enqu\u00eate r\u00e9alis\u00e9e par Cosmed, l\u2019association professionnelle f\u00e9d\u00e9rant plus sp\u00e9cifiquement les TPE, PME et ETI de la fili\u00e8re cosm\u00e9tique en France, montre un impact n\u00e9gatif de la crise sanitaire sur le chiffre d\u2019affaires de pr\u00e8s de 80% des entreprises, seule une minorit\u00e9 d\u2019entre elles (7%) ont su trouver des opportunit\u00e9s de croissance dans cette situation [&hellip;]\" \/>\n<meta property=\"og:url\" content=\"http:\/\/www.cosmed.fr\/en\/la-filiere-cosmetique-francaise-fortement-impactee-par-le-coronavirus\/\" \/>\n<meta property=\"og:site_name\" content=\"Cosmed\" \/>\n<meta property=\"article:published_time\" content=\"2021-04-09T16:09:18+00:00\" \/>\n<meta name=\"author\" content=\"MARQUIER\" \/>\n<meta name=\"twitter:card\" content=\"summary_large_image\" \/>\n<meta name=\"twitter:label1\" content=\"Written by\" \/>\n\t<meta name=\"twitter:data1\" content=\"MARQUIER\" \/>\n<script type=\"application\/ld+json\" class=\"yoast-schema-graph\">{\"@context\":\"https:\/\/schema.org\",\"@graph\":[{\"@type\":\"Article\",\"@id\":\"http:\/\/www.cosmed.fr\/en\/la-filiere-cosmetique-francaise-fortement-impactee-par-le-coronavirus\/#article\",\"isPartOf\":{\"@id\":\"http:\/\/www.cosmed.fr\/en\/la-filiere-cosmetique-francaise-fortement-impactee-par-le-coronavirus\/\"},\"author\":{\"name\":\"MARQUIER\",\"@id\":\"https:\/\/www.cosmed.fr\/#\/schema\/person\/804d896a46d93e28deeb0a7ec5d410bb\"},\"headline\":\"La fili\u00e8re cosm\u00e9tique fran\u00e7aise fortement impact\u00e9e par le coronavirus\",\"datePublished\":\"2021-04-09T16:09:18+00:00\",\"mainEntityOfPage\":{\"@id\":\"http:\/\/www.cosmed.fr\/en\/la-filiere-cosmetique-francaise-fortement-impactee-par-le-coronavirus\/\"},\"wordCount\":85,\"articleSection\":[\"On parle de nous\"],\"inLanguage\":\"en-US\"},{\"@type\":\"WebPage\",\"@id\":\"http:\/\/www.cosmed.fr\/en\/la-filiere-cosmetique-francaise-fortement-impactee-par-le-coronavirus\/\",\"url\":\"http:\/\/www.cosmed.fr\/en\/la-filiere-cosmetique-francaise-fortement-impactee-par-le-coronavirus\/\",\"name\":\"La fili\u00e8re cosm\u00e9tique fran\u00e7aise fortement impact\u00e9e par le coronavirus - Cosmed\",\"isPartOf\":{\"@id\":\"https:\/\/www.cosmed.fr\/#website\"},\"datePublished\":\"2021-04-09T16:09:18+00:00\",\"author\":{\"@id\":\"https:\/\/www.cosmed.fr\/#\/schema\/person\/804d896a46d93e28deeb0a7ec5d410bb\"},\"breadcrumb\":{\"@id\":\"http:\/\/www.cosmed.fr\/en\/la-filiere-cosmetique-francaise-fortement-impactee-par-le-coronavirus\/#breadcrumb\"},\"inLanguage\":\"en-US\",\"potentialAction\":[{\"@type\":\"ReadAction\",\"target\":[\"http:\/\/www.cosmed.fr\/en\/la-filiere-cosmetique-francaise-fortement-impactee-par-le-coronavirus\/\"]}]},{\"@type\":\"BreadcrumbList\",\"@id\":\"http:\/\/www.cosmed.fr\/en\/la-filiere-cosmetique-francaise-fortement-impactee-par-le-coronavirus\/#breadcrumb\",\"itemListElement\":[{\"@type\":\"ListItem\",\"position\":1,\"name\":\"Home\",\"item\":\"https:\/\/www.cosmed.fr\/en\/\"},{\"@type\":\"ListItem\",\"position\":2,\"name\":\"On parle de nous\",\"item\":\"http:\/\/www.cosmed.fr\/articles\/on-parle-de-nous\/\"},{\"@type\":\"ListItem\",\"position\":3,\"name\":\"La fili\u00e8re cosm\u00e9tique fran\u00e7aise fortement impact\u00e9e par le coronavirus\"}]},{\"@type\":\"WebSite\",\"@id\":\"https:\/\/www.cosmed.fr\/#website\",\"url\":\"https:\/\/www.cosmed.fr\/\",\"name\":\"Cosmed\",\"description\":\"\",\"potentialAction\":[{\"@type\":\"SearchAction\",\"target\":{\"@type\":\"EntryPoint\",\"urlTemplate\":\"https:\/\/www.cosmed.fr\/?s={search_term_string}\"},\"query-input\":{\"@type\":\"PropertyValueSpecification\",\"valueRequired\":true,\"valueName\":\"search_term_string\"}}],\"inLanguage\":\"en-US\"},{\"@type\":\"Person\",\"@id\":\"https:\/\/www.cosmed.fr\/#\/schema\/person\/804d896a46d93e28deeb0a7ec5d410bb\",\"name\":\"MARQUIER\",\"image\":{\"@type\":\"ImageObject\",\"inLanguage\":\"en-US\",\"@id\":\"https:\/\/www.cosmed.fr\/#\/schema\/person\/image\/\",\"url\":\"https:\/\/secure.gravatar.com\/avatar\/77c74e5b1028ba2ee5487dcdaac0de77c0e0820b70499d9f160be28c72d1124b?s=96&d=mm&r=g\",\"contentUrl\":\"https:\/\/secure.gravatar.com\/avatar\/77c74e5b1028ba2ee5487dcdaac0de77c0e0820b70499d9f160be28c72d1124b?s=96&d=mm&r=g\",\"caption\":\"MARQUIER\"},\"url\":\"http:\/\/www.cosmed.fr\/en\/author\/e-marquiercosmed-fr\/\"}]}<\/script>\n<!-- \/ Yoast SEO plugin. -->","yoast_head_json":{"title":"La fili\u00e8re cosm\u00e9tique fran\u00e7aise fortement impact\u00e9e par le coronavirus - Cosmed","robots":{"index":"index","follow":"follow","max-snippet":"max-snippet:-1","max-image-preview":"max-image-preview:large","max-video-preview":"max-video-preview:-1"},"canonical":"http:\/\/www.cosmed.fr\/en\/la-filiere-cosmetique-francaise-fortement-impactee-par-le-coronavirus\/","og_locale":"en_US","og_type":"article","og_title":"La fili\u00e8re cosm\u00e9tique fran\u00e7aise fortement impact\u00e9e par le coronavirus - Cosmed","og_description":"Une enqu\u00eate r\u00e9alis\u00e9e par Cosmed, l\u2019association professionnelle f\u00e9d\u00e9rant plus sp\u00e9cifiquement les TPE, PME et ETI de la fili\u00e8re cosm\u00e9tique en France, montre un impact n\u00e9gatif de la crise sanitaire sur le chiffre d\u2019affaires de pr\u00e8s de 80% des entreprises, seule une minorit\u00e9 d\u2019entre elles (7%) ont su trouver des opportunit\u00e9s de croissance dans cette situation [&hellip;]","og_url":"http:\/\/www.cosmed.fr\/en\/la-filiere-cosmetique-francaise-fortement-impactee-par-le-coronavirus\/","og_site_name":"Cosmed","article_published_time":"2021-04-09T16:09:18+00:00","author":"MARQUIER","twitter_card":"summary_large_image","twitter_misc":{"Written by":"MARQUIER"},"schema":{"@context":"https:\/\/schema.org","@graph":[{"@type":"Article","@id":"http:\/\/www.cosmed.fr\/en\/la-filiere-cosmetique-francaise-fortement-impactee-par-le-coronavirus\/#article","isPartOf":{"@id":"http:\/\/www.cosmed.fr\/en\/la-filiere-cosmetique-francaise-fortement-impactee-par-le-coronavirus\/"},"author":{"name":"MARQUIER","@id":"https:\/\/www.cosmed.fr\/#\/schema\/person\/804d896a46d93e28deeb0a7ec5d410bb"},"headline":"La fili\u00e8re cosm\u00e9tique fran\u00e7aise fortement impact\u00e9e par le coronavirus","datePublished":"2021-04-09T16:09:18+00:00","mainEntityOfPage":{"@id":"http:\/\/www.cosmed.fr\/en\/la-filiere-cosmetique-francaise-fortement-impactee-par-le-coronavirus\/"},"wordCount":85,"articleSection":["On parle de nous"],"inLanguage":"en-US"},{"@type":"WebPage","@id":"http:\/\/www.cosmed.fr\/en\/la-filiere-cosmetique-francaise-fortement-impactee-par-le-coronavirus\/","url":"http:\/\/www.cosmed.fr\/en\/la-filiere-cosmetique-francaise-fortement-impactee-par-le-coronavirus\/","name":"La fili\u00e8re cosm\u00e9tique fran\u00e7aise fortement impact\u00e9e par le coronavirus - Cosmed","isPartOf":{"@id":"https:\/\/www.cosmed.fr\/#website"},"datePublished":"2021-04-09T16:09:18+00:00","author":{"@id":"https:\/\/www.cosmed.fr\/#\/schema\/person\/804d896a46d93e28deeb0a7ec5d410bb"},"breadcrumb":{"@id":"http:\/\/www.cosmed.fr\/en\/la-filiere-cosmetique-francaise-fortement-impactee-par-le-coronavirus\/#breadcrumb"},"inLanguage":"en-US","potentialAction":[{"@type":"ReadAction","target":["http:\/\/www.cosmed.fr\/en\/la-filiere-cosmetique-francaise-fortement-impactee-par-le-coronavirus\/"]}]},{"@type":"BreadcrumbList","@id":"http:\/\/www.cosmed.fr\/en\/la-filiere-cosmetique-francaise-fortement-impactee-par-le-coronavirus\/#breadcrumb","itemListElement":[{"@type":"ListItem","position":1,"name":"Home","item":"https:\/\/www.cosmed.fr\/en\/"},{"@type":"ListItem","position":2,"name":"On parle de nous","item":"http:\/\/www.cosmed.fr\/articles\/on-parle-de-nous\/"},{"@type":"ListItem","position":3,"name":"La fili\u00e8re cosm\u00e9tique fran\u00e7aise fortement impact\u00e9e par le coronavirus"}]},{"@type":"WebSite","@id":"https:\/\/www.cosmed.fr\/#website","url":"https:\/\/www.cosmed.fr\/","name":"Cosmed","description":"","potentialAction":[{"@type":"SearchAction","target":{"@type":"EntryPoint","urlTemplate":"https:\/\/www.cosmed.fr\/?s={search_term_string}"},"query-input":{"@type":"PropertyValueSpecification","valueRequired":true,"valueName":"search_term_string"}}],"inLanguage":"en-US"},{"@type":"Person","@id":"https:\/\/www.cosmed.fr\/#\/schema\/person\/804d896a46d93e28deeb0a7ec5d410bb","name":"MARQUIER","image":{"@type":"ImageObject","inLanguage":"en-US","@id":"https:\/\/www.cosmed.fr\/#\/schema\/person\/image\/","url":"https:\/\/secure.gravatar.com\/avatar\/77c74e5b1028ba2ee5487dcdaac0de77c0e0820b70499d9f160be28c72d1124b?s=96&d=mm&r=g","contentUrl":"https:\/\/secure.gravatar.com\/avatar\/77c74e5b1028ba2ee5487dcdaac0de77c0e0820b70499d9f160be28c72d1124b?s=96&d=mm&r=g","caption":"MARQUIER"},"url":"http:\/\/www.cosmed.fr\/en\/author\/e-marquiercosmed-fr\/"}]}},"_links":{"self":[{"href":"http:\/\/www.cosmed.fr\/en\/wp-json\/wp\/v2\/posts\/16044","targetHints":{"allow":["GET"]}}],"collection":[{"href":"http:\/\/www.cosmed.fr\/en\/wp-json\/wp\/v2\/posts"}],"about":[{"href":"http:\/\/www.cosmed.fr\/en\/wp-json\/wp\/v2\/types\/post"}],"author":[{"embeddable":true,"href":"http:\/\/www.cosmed.fr\/en\/wp-json\/wp\/v2\/users\/30881"}],"replies":[{"embeddable":true,"href":"http:\/\/www.cosmed.fr\/en\/wp-json\/wp\/v2\/comments?post=16044"}],"version-history":[{"count":0,"href":"http:\/\/www.cosmed.fr\/en\/wp-json\/wp\/v2\/posts\/16044\/revisions"}],"wp:attachment":[{"href":"http:\/\/www.cosmed.fr\/en\/wp-json\/wp\/v2\/media?parent=16044"}],"wp:term":[{"taxonomy":"category","embeddable":true,"href":"http:\/\/www.cosmed.fr\/en\/wp-json\/wp\/v2\/categories?post=16044"},{"taxonomy":"post_tag","embeddable":true,"href":"http:\/\/www.cosmed.fr\/en\/wp-json\/wp\/v2\/tags?post=16044"},{"taxonomy":"secteurs","embeddable":true,"href":"http:\/\/www.cosmed.fr\/en\/wp-json\/wp\/v2\/secteurs?post=16044"}],"curies":[{"name":"wp","href":"https:\/\/api.w.org\/{rel}","templated":true}]}}